{"id":10233,"date":"2020-08-31T14:32:11","date_gmt":"2020-08-31T12:32:11","guid":{"rendered":"https:\/\/goerdeler.lspb.de\/wordpress\/?p=10233"},"modified":"2020-08-31T16:14:09","modified_gmt":"2020-08-31T14:14:09","slug":"information-zur-maskenpflicht","status":"publish","type":"post","link":"https:\/\/goerdeler.lspb.de\/wordpress\/information-zur-maskenpflicht\/","title":{"rendered":"Information zur Maskenpflicht"},"content":{"rendered":"\n<p>Sehr geehrte  Eltern, <br>liebe Sch\u00fclerinnen und Sch\u00fcler!<\/p>\n\n\n\n<p>Aus der Presse konnten Sie \u2013 und wir &#8211; entnehmen, dass ab dem 01.09.2020 keine Maskenpflicht mehr im Unterricht besteht. Eine MNB ist nur noch au\u00dferhalb des Unterrichtsraumes verpflichtend zu tragen.<\/p>\n\n\n\n<p>Leider liegt der Schule (wie allen Schulen) <strong>bis zum jetzigen Zeitpunkt<\/strong> noch keine offizielle Information von Seiten des Ministeriums vor. Die Information, dass am 01.09.2020 keine Maskenpflicht mehr bestehe kennt die Schule nur aus der Presse \u2013 eine offizielle Mitteilung an die Schulen gab es bisher nicht.<\/p>\n\n\n\n<p>Deshalb bleibt mir nur abzuwarten, was es in K\u00fcrze an Hinweisen und Ausf\u00fchrungsbestimmungen zu beachten gilt.&nbsp;<\/p>\n\n\n\n<p>Um das Infektionsrisiko aller, Sch\u00fcler und Sch\u00fclerinnen und Lehrer und Lehrerinnen und letztendlich auch den Familienangeh\u00f6rigen, weiterhin so gering wie m\u00f6glich zu halten, m\u00f6chte ich an alle die <strong>dringende Bitte aussprechen<\/strong> im Unterricht zun\u00e4chst <strong>weiterhin freiwillig eine MNB zu tragen<\/strong>.<\/p>\n\n\n\n<p>Ich werde Sie nat\u00fcrlich sofort informieren, sobald Informationen des MSW eintreffen und ich diese bewertet und ggfs. f\u00fcr unsere Schule Handlungsoptionen abgeleitet habe.<\/p>\n\n\n\n<p>Vielen Dank!<\/p>\n\n\n\n<p>Mit freundlichen Gr\u00fc\u00dfen<br>H. Lazar<\/p>\n\n\n\n<p><\/p>\n\n\n\n<p>&nbsp;&nbsp;&nbsp;&nbsp;&nbsp;&nbsp;&nbsp;&nbsp;&nbsp;&nbsp;&nbsp;&nbsp;&nbsp;&nbsp;&nbsp;&nbsp;&nbsp;&nbsp;&nbsp;&nbsp;&nbsp;&nbsp;&nbsp;&nbsp;&nbsp;&nbsp;&nbsp;&nbsp;&nbsp;&nbsp;&nbsp;&nbsp;&nbsp;&nbsp;&nbsp;&nbsp;&nbsp;&nbsp;&nbsp;&nbsp;&nbsp;&nbsp;&nbsp;&nbsp;&nbsp;&nbsp;&nbsp;&nbsp;&nbsp;&nbsp;&nbsp;&nbsp;&nbsp;&nbsp;&nbsp;&nbsp;&nbsp;&nbsp;&nbsp;&nbsp;&nbsp;&nbsp;&nbsp;&nbsp;&nbsp;&nbsp;&nbsp;&nbsp;&nbsp;&nbsp;&nbsp;&nbsp;&nbsp;&nbsp;&nbsp;&nbsp;&nbsp;&nbsp;&nbsp;&nbsp;&nbsp;&nbsp;&nbsp;&nbsp;&nbsp;&nbsp;&nbsp;&nbsp;&nbsp;&nbsp;&nbsp;&nbsp;&nbsp;&nbsp;&nbsp; Paderborn, 31.08.2020<\/p>\n","protected":false},"excerpt":{"rendered":"<p>Sehr geehrte Eltern, liebe Sch\u00fclerinnen und Sch\u00fcler! Aus der Presse konnten Sie \u2013 und wir &#8211; entnehmen, dass ab dem 01.09.2020 keine Maskenpflicht mehr im Unterricht besteht. Eine MNB ist nur noch au\u00dferhalb des Unterrichtsraumes verpflichtend zu tragen. Leider liegt der Schule (wie allen Schulen) bis zum jetzigen Zeitpunkt noch keine offizielle Information von Seiten [&hellip;]<\/p>\n","protected":false},"author":11,"featured_media":9864,"comment_status":"closed","ping_status":"closed","sticky":false,"template":"","format":"standard","meta":{"_themeisle_gutenberg_block_has_review":false,"footnotes":""},"categories":[140,1],"tags":[],"class_list":["post-10233","post","type-post","status-publish","format-standard","has-post-thumbnail","hentry","category-aktuelles","category-allgemein"],"_links":{"self":[{"href":"https:\/\/goerdeler.lspb.de\/wordpress\/wp-json\/wp\/v2\/posts\/10233","targetHints":{"allow":["GET"]}}],"collection":[{"href":"https:\/\/goerdeler.lspb.de\/wordpress\/wp-json\/wp\/v2\/posts"}],"about":[{"href":"https:\/\/goerdeler.lspb.de\/wordpress\/wp-json\/wp\/v2\/types\/post"}],"author":[{"embeddable":true,"href":"https:\/\/goerdeler.lspb.de\/wordpress\/wp-json\/wp\/v2\/users\/11"}],"replies":[{"embeddable":true,"href":"https:\/\/goerdeler.lspb.de\/wordpress\/wp-json\/wp\/v2\/comments?post=10233"}],"version-history":[{"count":4,"href":"https:\/\/goerdeler.lspb.de\/wordpress\/wp-json\/wp\/v2\/posts\/10233\/revisions"}],"predecessor-version":[{"id":10242,"href":"https:\/\/goerdeler.lspb.de\/wordpress\/wp-json\/wp\/v2\/posts\/10233\/revisions\/10242"}],"wp:featuredmedia":[{"embeddable":true,"href":"https:\/\/goerdeler.lspb.de\/wordpress\/wp-json\/wp\/v2\/media\/9864"}],"wp:attachment":[{"href":"https:\/\/goerdeler.lspb.de\/wordpress\/wp-json\/wp\/v2\/media?parent=10233"}],"wp:term":[{"taxonomy":"category","embeddable":true,"href":"https:\/\/goerdeler.lspb.de\/wordpress\/wp-json\/wp\/v2\/categories?post=10233"},{"taxonomy":"post_tag","embeddable":true,"href":"https:\/\/goerdeler.lspb.de\/wordpress\/wp-json\/wp\/v2\/tags?post=10233"}],"curies":[{"name":"wp","href":"https:\/\/api.w.org\/{rel}","templated":true}]}}