{"id":10243,"date":"2020-09-01T07:06:31","date_gmt":"2020-09-01T05:06:31","guid":{"rendered":"https:\/\/goerdeler.lspb.de\/wordpress\/?p=10243"},"modified":"2020-09-01T07:33:53","modified_gmt":"2020-09-01T05:33:53","slug":"aktuelle-informationen","status":"publish","type":"post","link":"https:\/\/goerdeler.lspb.de\/wordpress\/aktuelle-informationen\/","title":{"rendered":"Aktuelle Informationen"},"content":{"rendered":"\n<p>Liebe Sch\u00fclerinnen und Sch\u00fcler, sehr geehrte Eltern,<\/p>\n\n\n\n<p>ab Dienstag, 1.9.2020, wird die Maskenpflicht auch in den weiterf\u00fchrenden Schulen gelockert. Folgende Regelungen gelten daher ab Dienstag, 1.9.2020:<\/p>\n\n\n\n<ul class=\"wp-block-list\"><li><strong>Auf dem Schulgel\u00e4nde und in den Geb\u00e4uden (z.B. auf den Fluren, in den Treppenh\u00e4usern, der Pausenhalle und der Mensa) besteht weiterhin Maskenpflicht.<\/strong><\/li><li><strong>In den Klassen-\/Kurs- und Fachr\u00e4umen kann der Mund-Nasen-Schutz abgesetzt werden, wenn der Sitzplatz im Raum eingenommen ist. Die feste Sitzordnung gilt weiterhin.<\/strong><\/li><\/ul>\n\n\n\n<p>Die Lockerung der Maskenpflichtpflicht erleichtert einerseits die Kommunikation im Unterricht, \u00a0andererseits wird es dem einen oder anderen nicht leicht fallen, mit den nun wechselnden Situationen umzugehen. \u00a0Damit sich aber Sch\u00fcler, Sch\u00fclerinnen und Lehrkr\u00e4fte \u00a0im Pr\u00e4senzunterricht nicht nur wohlf\u00fchlen, sondern auch sicher f\u00fchlen, m\u00f6chte ich <strong>empfehlen, den Mund-Nasen-Schutz gr\u00f6\u00dftenteils im Unterricht weiterhin zu tragen, insbesondere wenn eine beengte Raumsituation vorliegt, um sich selbst und andere m\u00f6glicherweise besser zu sch\u00fctzen.<\/strong><\/p>\n\n\n\n<p>Ich vertraue darauf, dass in jedem Einzelfall L\u00f6sungen unter dem Aspekt des gegenseitigen Respekts und der Achtsamkeit gefunden werden.<\/p>\n\n\n\n<p>Bleiben Sie gesund!<\/p>\n\n\n\n<p>Mit freundlichen Gr\u00fc\u00dfen<br>Helga Lazar<\/p>\n\n\n\n<p><a href=\"https:\/\/goerdeler.lspb.de\/wordpress\/wp-content\/uploads\/Zusammenfassung-wichtiger-Informationen_September2020_Elternversion.pdf\">Zusammenfassung wichtiger Informationen<\/a><\/p>\n","protected":false},"excerpt":{"rendered":"<p>Liebe Sch\u00fclerinnen und Sch\u00fcler, sehr geehrte Eltern, ab Dienstag, 1.9.2020, wird die Maskenpflicht auch in den weiterf\u00fchrenden Schulen gelockert. Folgende Regelungen gelten daher ab Dienstag, 1.9.2020: Auf dem Schulgel\u00e4nde und in den Geb\u00e4uden (z.B. auf den Fluren, in den Treppenh\u00e4usern, der Pausenhalle und der Mensa) besteht weiterhin Maskenpflicht. In den Klassen-\/Kurs- und Fachr\u00e4umen kann der [&hellip;]<\/p>\n","protected":false},"author":11,"featured_media":9857,"comment_status":"closed","ping_status":"closed","sticky":false,"template":"","format":"standard","meta":{"_themeisle_gutenberg_block_has_review":false,"footnotes":""},"categories":[140,1],"tags":[],"class_list":["post-10243","post","type-post","status-publish","format-standard","has-post-thumbnail","hentry","category-aktuelles","category-allgemein"],"_links":{"self":[{"href":"https:\/\/goerdeler.lspb.de\/wordpress\/wp-json\/wp\/v2\/posts\/10243","targetHints":{"allow":["GET"]}}],"collection":[{"href":"https:\/\/goerdeler.lspb.de\/wordpress\/wp-json\/wp\/v2\/posts"}],"about":[{"href":"https:\/\/goerdeler.lspb.de\/wordpress\/wp-json\/wp\/v2\/types\/post"}],"author":[{"embeddable":true,"href":"https:\/\/goerdeler.lspb.de\/wordpress\/wp-json\/wp\/v2\/users\/11"}],"replies":[{"embeddable":true,"href":"https:\/\/goerdeler.lspb.de\/wordpress\/wp-json\/wp\/v2\/comments?post=10243"}],"version-history":[{"count":3,"href":"https:\/\/goerdeler.lspb.de\/wordpress\/wp-json\/wp\/v2\/posts\/10243\/revisions"}],"predecessor-version":[{"id":10249,"href":"https:\/\/goerdeler.lspb.de\/wordpress\/wp-json\/wp\/v2\/posts\/10243\/revisions\/10249"}],"wp:featuredmedia":[{"embeddable":true,"href":"https:\/\/goerdeler.lspb.de\/wordpress\/wp-json\/wp\/v2\/media\/9857"}],"wp:attachment":[{"href":"https:\/\/goerdeler.lspb.de\/wordpress\/wp-json\/wp\/v2\/media?parent=10243"}],"wp:term":[{"taxonomy":"category","embeddable":true,"href":"https:\/\/goerdeler.lspb.de\/wordpress\/wp-json\/wp\/v2\/categories?post=10243"},{"taxonomy":"post_tag","embeddable":true,"href":"https:\/\/goerdeler.lspb.de\/wordpress\/wp-json\/wp\/v2\/tags?post=10243"}],"curies":[{"name":"wp","href":"https:\/\/api.w.org\/{rel}","templated":true}]}}