{"id":10401,"date":"2020-11-03T11:01:21","date_gmt":"2020-11-03T10:01:21","guid":{"rendered":"https:\/\/goerdeler.lspb.de\/wordpress\/?p=10401"},"modified":"2020-11-03T11:01:22","modified_gmt":"2020-11-03T10:01:22","slug":"1-elternsprechtag-2020-21","status":"publish","type":"post","link":"https:\/\/goerdeler.lspb.de\/wordpress\/1-elternsprechtag-2020-21\/","title":{"rendered":"1. Elternsprechtag 2020\/21"},"content":{"rendered":"\n<p>Sehr geehrte Eltern, die f\u00fcr den 19. und 23.11 2020 ausgewiesenen ersten Elternsprechtage des Schuljahres 2020\/21 k\u00f6nnen coronabedingt leider nicht in der aus den Vorjahren bekannten Weise durchgef\u00fchrt werden. Das Goerdeler-Gymnasium bem\u00fcht sich, die Anzahl der Kontakte deutlich zu beschr\u00e4nken und Ihnen dennoch die M\u00f6glichkeit zu bieten, sich ein Bild von der schulischen Situation Ihrer Kinder zu verschaffen.<\/p>\n\n\n\n<p>Die komplette Einladung finden Sie <a href=\"https:\/\/goerdeler.lspb.de\/wordpress\/wp-content\/uploads\/2020_11_Elternsprechtag_Anschreiben.pdf\">hier<\/a>.<\/p>\n","protected":false},"excerpt":{"rendered":"<p>Sehr geehrte Eltern, die f\u00fcr den 19. und 23.11 2020 ausgewiesenen ersten Elternsprechtage des Schuljahres 2020\/21 k\u00f6nnen coronabedingt leider nicht in der aus den Vorjahren bekannten Weise durchgef\u00fchrt werden. Das Goerdeler-Gymnasium bem\u00fcht sich, die Anzahl der Kontakte deutlich zu beschr\u00e4nken und Ihnen dennoch die M\u00f6glichkeit zu bieten, sich ein Bild von der schulischen Situation Ihrer [&hellip;]<\/p>\n","protected":false},"author":11,"featured_media":6623,"comment_status":"closed","ping_status":"closed","sticky":false,"template":"","format":"standard","meta":{"_themeisle_gutenberg_block_has_review":false,"footnotes":""},"categories":[140,1],"tags":[],"class_list":["post-10401","post","type-post","status-publish","format-standard","has-post-thumbnail","hentry","category-aktuelles","category-allgemein"],"_links":{"self":[{"href":"https:\/\/goerdeler.lspb.de\/wordpress\/wp-json\/wp\/v2\/posts\/10401","targetHints":{"allow":["GET"]}}],"collection":[{"href":"https:\/\/goerdeler.lspb.de\/wordpress\/wp-json\/wp\/v2\/posts"}],"about":[{"href":"https:\/\/goerdeler.lspb.de\/wordpress\/wp-json\/wp\/v2\/types\/post"}],"author":[{"embeddable":true,"href":"https:\/\/goerdeler.lspb.de\/wordpress\/wp-json\/wp\/v2\/users\/11"}],"replies":[{"embeddable":true,"href":"https:\/\/goerdeler.lspb.de\/wordpress\/wp-json\/wp\/v2\/comments?post=10401"}],"version-history":[{"count":1,"href":"https:\/\/goerdeler.lspb.de\/wordpress\/wp-json\/wp\/v2\/posts\/10401\/revisions"}],"predecessor-version":[{"id":10403,"href":"https:\/\/goerdeler.lspb.de\/wordpress\/wp-json\/wp\/v2\/posts\/10401\/revisions\/10403"}],"wp:featuredmedia":[{"embeddable":true,"href":"https:\/\/goerdeler.lspb.de\/wordpress\/wp-json\/wp\/v2\/media\/6623"}],"wp:attachment":[{"href":"https:\/\/goerdeler.lspb.de\/wordpress\/wp-json\/wp\/v2\/media?parent=10401"}],"wp:term":[{"taxonomy":"category","embeddable":true,"href":"https:\/\/goerdeler.lspb.de\/wordpress\/wp-json\/wp\/v2\/categories?post=10401"},{"taxonomy":"post_tag","embeddable":true,"href":"https:\/\/goerdeler.lspb.de\/wordpress\/wp-json\/wp\/v2\/tags?post=10401"}],"curies":[{"name":"wp","href":"https:\/\/api.w.org\/{rel}","templated":true}]}}