{"id":12246,"date":"2022-03-29T15:25:21","date_gmt":"2022-03-29T13:25:21","guid":{"rendered":"https:\/\/goerdeler.lspb.de\/wordpress\/?p=12246"},"modified":"2024-10-07T18:03:23","modified_gmt":"2024-10-07T16:03:23","slug":"pia-und-kaja-erreichen-bundesfinale-von-jugend-praesentiert","status":"publish","type":"post","link":"https:\/\/goerdeler.lspb.de\/wordpress\/pia-und-kaja-erreichen-bundesfinale-von-jugend-praesentiert\/","title":{"rendered":"Pia und Kaja erreichen Bundesfinale von \u201eJugend pr\u00e4sentiert\u201c"},"content":{"rendered":"\n<p>Mit ihrer Pr\u00e4sentation zum Thema \u201eOpioid-Krise USA \u2013 Wenn der Arzt dein erster Dealer ist\u201c bewiesen Pia Klocke und Kaja Opitz aus der Jahrgangsstufe Q1 unseres Gymnasiums ihr Pr\u00e4sentationsk\u00f6nnen beim diesj\u00e4hrigen L\u00e4nderfinale von \u201eJugend pr\u00e4sentiert\u201c und qualifizierten sich damit f\u00fcr das Bundesfinale.<br>Der Pr\u00e4sentationswettbewerb k\u00fcrt j\u00e4hrlich bundesweit die besten naturwissenschaftlich-mathematischen Pr\u00e4sentationen. Zudem gewinnen sie die Teilnahme an der Pr\u00e4sentationsakademie, einem intensiven Pr\u00e4sentationstraining mit professionellen Rhetoriktrainerinnen und -trainern der Forschungsstelle Pr\u00e4sentationskompetenz der Universit\u00e4t T\u00fcbingen.<br>Mit Pia und Kaja ziehen aus Nordrhein-Westfalen 18 weitere Sch\u00fclerinnen und Sch\u00fcler in das Bundesfinale ein, das im September in Berlin stattfindet. Insgesamt hatten sich mehr als 6.000 Sch\u00fclerinnen und Sch\u00fcler bundesweit und aus deutschen Auslandsschulen am diesj\u00e4hrigen Wettbewerb beteiligt, 450 Sch\u00fclerinnen und Sch\u00fcler hatten sich f\u00fcr ein L\u00e4nderfinale qualifiziert.<\/p>\n\n\n\n<p>Das L\u00e4nderfinale in Nordrhein-Westfalen fand in diesem Jahr zum ersten Mal in Pr\u00e4senz statt. Gastgeber war das Carl-Fuhlrott-Gymnasium in Wuppertal. Die besondere Herausforderung f\u00fcr die Teilnehmenden bestand darin, das selbstgew\u00e4hlte Pr\u00e4sentationsthema in sechs Minuten mit ausschlie\u00dflich digitalen Medien zu pr\u00e4sentieren. Die Sch\u00fclerinnen hielten ihre Pr\u00e4sentationen live vor einer Jury aus Lehrkr\u00e4ften sowie Rhetorik-Expertinnen und Experten. Diese lobte Pia Klocke und Kaja Opitz insbesondere f\u00fcr ihren guten Kontakt zum Publikum, das hohe Ma\u00df der Anschaulichkeit sowie die Lebensweltbez\u00fcge ihres Vortrags.<br><br>Mit ihrer Pr\u00e4sentation zum Thema \u201eOpioid-Krise USA \u2013 Wenn der Arzt dein erster Dealer ist\u201c bewiesen Pia Klocke und Kaja Opitz aus der Jahrgangsstufe Q1 unseres Gymnasiums ihr Pr\u00e4sentationsk\u00f6nnen beim diesj\u00e4hrigen L\u00e4nderfinale von \u201eJugend pr\u00e4sentiert\u201c und qualifizierten sich damit f\u00fcr das Bundesfinale.<br>Der Pr\u00e4sentationswettbewerb k\u00fcrt j\u00e4hrlich bundesweit die besten naturwissenschaftlich-mathematischen Pr\u00e4sentationen. Zudem gewinnen sie die Teilnahme an der Pr\u00e4sentationsakademie, einem intensiven Pr\u00e4sentationstraining mit professionellen Rhetoriktrainerinnen und -trainern der Forschungsstelle Pr\u00e4sentationskompetenz der Universit\u00e4t T\u00fcbingen.<br>Mit Pia und Kaja ziehen aus Nordrhein-Westfalen 18 weitere Sch\u00fclerinnen und Sch\u00fcler in das Bundesfinale ein, das im September in Berlin stattfindet. Insgesamt hatten sich mehr als 6.000 Sch\u00fclerinnen und Sch\u00fcler bundesweit und aus deutschen Auslandsschulen am diesj\u00e4hrigen Wettbewerb beteiligt, 450 Sch\u00fclerinnen und Sch\u00fcler hatten sich f\u00fcr ein L\u00e4nderfinale qualifiziert.<\/p>\n\n\n\n<p>Das L\u00e4nderfinale in Nordrhein-Westfalen fand in diesem Jahr zum ersten Mal in Pr\u00e4senz statt. Gastgeber war das Carl-Fuhlrott-Gymnasium in Wuppertal. Die besondere Herausforderung f\u00fcr die Teilnehmenden bestand darin, das selbstgew\u00e4hlte Pr\u00e4sentationsthema in sechs Minuten mit ausschlie\u00dflich digitalen Medien zu pr\u00e4sentieren. Die Sch\u00fclerinnen hielten ihre Pr\u00e4sentationen live vor einer Jury aus Lehrkr\u00e4ften sowie Rhetorik-Expertinnen und Experten. Diese lobte Pia Klocke und Kaja Opitz insbesondere f\u00fcr ihren guten Kontakt zum Publikum, das hohe Ma\u00df der Anschaulichkeit sowie die Lebensweltbez\u00fcge ihres Vortrags.<br><\/p>\n\n\n\n<div class=\"wp-block-image\"><figure class=\"aligncenter size-full\"><a href=\"https:\/\/goerdeler.lspb.de\/wordpress\/wp-content\/uploads\/2022-03-29_Landesfinale_Wuppertal2.jpg\"><img loading=\"lazy\" decoding=\"async\" width=\"900\" height=\"675\" src=\"https:\/\/goerdeler.lspb.de\/wordpress\/wp-content\/uploads\/2022-03-29_Landesfinale_Wuppertal2.jpg\" alt=\"\" class=\"wp-image-12249\" srcset=\"https:\/\/goerdeler.lspb.de\/wordpress\/wp-content\/uploads\/2022-03-29_Landesfinale_Wuppertal2.jpg 900w, https:\/\/goerdeler.lspb.de\/wordpress\/wp-content\/uploads\/2022-03-29_Landesfinale_Wuppertal2-300x225.jpg 300w, https:\/\/goerdeler.lspb.de\/wordpress\/wp-content\/uploads\/2022-03-29_Landesfinale_Wuppertal2-768x576.jpg 768w, https:\/\/goerdeler.lspb.de\/wordpress\/wp-content\/uploads\/2022-03-29_Landesfinale_Wuppertal2-585x440.jpg 585w, https:\/\/goerdeler.lspb.de\/wordpress\/wp-content\/uploads\/2022-03-29_Landesfinale_Wuppertal2-230x172.jpg 230w\" sizes=\"auto, (max-width: 900px) 100vw, 900px\" \/><\/a><\/figure><\/div>\n\n\n\n<p>\u201eWir freuen uns sehr, dass wir endlich nach zwei Jahren unsere acht L\u00e4nderfinale 2022 erstmals zu gro\u00dfen Teilen in Pr\u00e4senz umsetzen k\u00f6nnen\u201c erkl\u00e4rt Christian Kleinert, der das Projekt \u201eJugend pr\u00e4sentiert\u201d leitet. Neu sei laut Kleinert auch, dass die Teilnehmenden bereits auf Landesebene in Form von Gruppen-Coachings die M\u00f6glichkeit erhalten, ihre Pr\u00e4sentationsf\u00e4higkeiten auszubauen. \u201eDadurch haben noch mehr Sch\u00fclerinnen und Sch\u00fcler die M\u00f6glichkeit, sich in ihrem K\u00f6nnen zu beweisen und wertvolle Erfahrungen im Bereich Pr\u00e4sentationskompetenz zu sammeln\u201d, erkl\u00e4rt er weiter. Die Coachings werden ebenfalls von Rhetorikexpertinnen und -experten der Universit\u00e4t T\u00fcbingen durchgef\u00fchrt.<br>Neben Pr\u00e4sentationen in Pr\u00e4senz hat mit der Corona-Pandemie die Online-Pr\u00e4sentation Raum im Wettbewerbsverlauf gewonnen. Die Sch\u00fclerinnen und Sch\u00fcler werden daher bei dem Coaching auch gezielt darin geschult, den kommunikativen Herausforderungen einer Online-Pr\u00e4sentation zu begegnen, etwa der ver\u00e4nderten Beziehung zum Publikum oder der Situation der K\u00f6rpersprache.<br>Um auch das Interesse an naturwissenschaftlich-mathematischen Themen zu f\u00f6rdern, erhalten die Teilnehmenden im Verlauf des Wettbewerbs immer wieder Einblicke in die M\u00f6glichkeiten der Kommunikation von MINT-Themen. Beim L\u00e4nderfinale in Nordrhein-Westfalen konnten die Teilnehmenden Tobias Happe von den \u201ePhysikanten\u201c und seine Wissenschafts-Show bestaunen.<\/p>\n\n\n\n<p><br><strong>Zum Hintergrund: Die Initiative \u201eJugend pr\u00e4sentiert\u201c<\/strong><\/p>\n\n\n\n<p>\u201eJugend pr\u00e4sentiert\u201c ist eine bundesweite Bildungsinitiative der Klaus Tschira Stiftung, Heidelberg, in Kooperation mit Wissenschaft im Dialog, Berlin. Die Initiative wurde 2011 mit dem Ziel ins Leben gerufen, die Pr\u00e4sentationskompetenz und das Verst\u00e4ndnis von naturwissenschaftlich-mathematischen Themen in der Schule zu f\u00f6rdern. Der bundesweite Pr\u00e4sentationswettbewerb wird j\u00e4hrlich ausgerichtet. Zudem bietet \u201eJugend pr\u00e4sentiert\u201c kostenfreie Unterrichtsmaterialien und Lehrkr\u00e4ftetrainings an. Unterrichtsmaterialien sowie Trainings f\u00fcr Lehrkr\u00e4fte und Sch\u00fclerinnen und Sch\u00fclern werden von einem Team aus Wissenschaftlerinnen und Wissenschaftlern am Seminar f\u00fcr Allgemeine Rhetorik der Universit\u00e4t T\u00fcbingen entwickelt und durchgef\u00fchrt.<\/p>\n\n\n\n<p><br><a href=\"http:\/\/www.jugend-praesentiert.de\">www.jugend-praesentiert.de<\/a><\/p>\n\n\n\n<p>Zum Beitrag \u00fcber den Einzug in das Landesfinale geht es <a href=\"https:\/\/goerdeler.lspb.de\/wordpress\/mit-der-opioid-krise-ins-laenderfinale-von-jugend-praesentiert\/\">hier<\/a> \u2013 und zur Jugend-pr\u00e4sentiert-AG <a href=\"https:\/\/goerdeler.lspb.de\/wordpress\/warum-kratzt-frische-ananas-eigentlich-auf-der-zunge-antworten-aus-der-jugend-praesentiert-ag\/\">hier<\/a>.<\/p>\n\n\n\n<p class=\"has-text-align-right\"><em>Text: Pressemitteilung \u201eJugend pr\u00e4sentiert\u201c \/ U. Nowak-Borgmeier<br>Fotos: U. Nowak-Borgmeier<\/em><\/p>\n\n\n\n<p><\/p>\n\n\n\n<p><\/p>\n\n\n\n<p><\/p>\n\n\n\n<p><\/p>\n","protected":false},"excerpt":{"rendered":"<p>Mit ihrer Pr\u00e4sentation zum Thema \u201eOpioid-Krise USA \u2013 Wenn der Arzt dein erster Dealer ist\u201c bewiesen Pia Klocke und Kaja Opitz aus der Jahrgangsstufe Q1 unseres Gymnasiums ihr Pr\u00e4sentationsk\u00f6nnen beim diesj\u00e4hrigen L\u00e4nderfinale von \u201eJugend pr\u00e4sentiert\u201c und qualifizierten sich damit f\u00fcr das Bundesfinale.Der Pr\u00e4sentationswettbewerb k\u00fcrt j\u00e4hrlich bundesweit die besten naturwissenschaftlich-mathematischen Pr\u00e4sentationen. Zudem gewinnen sie die Teilnahme [&hellip;]<\/p>\n","protected":false},"author":14,"featured_media":12247,"comment_status":"closed","ping_status":"closed","sticky":false,"template":"","format":"standard","meta":{"_themeisle_gutenberg_block_has_review":false,"footnotes":""},"categories":[140,1,219,180],"tags":[],"class_list":["post-12246","post","type-post","status-publish","format-standard","has-post-thumbnail","hentry","category-aktuelles","category-allgemein","category-jugend_praesentiert","category-mint"],"_links":{"self":[{"href":"https:\/\/goerdeler.lspb.de\/wordpress\/wp-json\/wp\/v2\/posts\/12246","targetHints":{"allow":["GET"]}}],"collection":[{"href":"https:\/\/goerdeler.lspb.de\/wordpress\/wp-json\/wp\/v2\/posts"}],"about":[{"href":"https:\/\/goerdeler.lspb.de\/wordpress\/wp-json\/wp\/v2\/types\/post"}],"author":[{"embeddable":true,"href":"https:\/\/goerdeler.lspb.de\/wordpress\/wp-json\/wp\/v2\/users\/14"}],"replies":[{"embeddable":true,"href":"https:\/\/goerdeler.lspb.de\/wordpress\/wp-json\/wp\/v2\/comments?post=12246"}],"version-history":[{"count":3,"href":"https:\/\/goerdeler.lspb.de\/wordpress\/wp-json\/wp\/v2\/posts\/12246\/revisions"}],"predecessor-version":[{"id":12251,"href":"https:\/\/goerdeler.lspb.de\/wordpress\/wp-json\/wp\/v2\/posts\/12246\/revisions\/12251"}],"wp:featuredmedia":[{"embeddable":true,"href":"https:\/\/goerdeler.lspb.de\/wordpress\/wp-json\/wp\/v2\/media\/12247"}],"wp:attachment":[{"href":"https:\/\/goerdeler.lspb.de\/wordpress\/wp-json\/wp\/v2\/media?parent=12246"}],"wp:term":[{"taxonomy":"category","embeddable":true,"href":"https:\/\/goerdeler.lspb.de\/wordpress\/wp-json\/wp\/v2\/categories?post=12246"},{"taxonomy":"post_tag","embeddable":true,"href":"https:\/\/goerdeler.lspb.de\/wordpress\/wp-json\/wp\/v2\/tags?post=12246"}],"curies":[{"name":"wp","href":"https:\/\/api.w.org\/{rel}","templated":true}]}}