{"id":12416,"date":"2022-06-24T12:45:19","date_gmt":"2022-06-24T10:45:19","guid":{"rendered":"https:\/\/goerdeler.lspb.de\/wordpress\/?p=12416"},"modified":"2022-06-24T20:43:03","modified_gmt":"2022-06-24T18:43:03","slug":"viermal-ausgezeichnet-erfolgreiche-teilnahme-am-kunstmalwettbewerb","status":"publish","type":"post","link":"https:\/\/goerdeler.lspb.de\/wordpress\/viermal-ausgezeichnet-erfolgreiche-teilnahme-am-kunstmalwettbewerb\/","title":{"rendered":"Viermal ausgezeichnet \u2013 Erfolgreiche Teilnahme am Kunstmalwettbewerb"},"content":{"rendered":"\n<p>Beim 51. Internationalen Jugendwettbewerb \u201ejugend creativ\u201c der Volksbanken und<br>Raiffeisenbanken wurden gleich vier unserer Sch\u00fcler:innen mit Preisen und Urkunden<br>ausgezeichnet. Im diesj\u00e4hrigen Wettbewerb, bei dem sie von ihrer Kunstlehrerin Frau<br>Hovestadt angeleitet und unterst\u00fctzt worden sind, sollten die Teilnehmerinnen und<br>Teilnehmer ihre k\u00fcnstlerisch-kreative Sicht auf das Thema \u201eSch\u00f6nheit\u201c gestalten.<\/p>\n\n\n\n<p>Amelina Koch (6b) bekam einen ersten Platz, Sven G\u00fcnter (6b) einen dritten und Hannah<br>Wei\u00df (6b) einen f\u00fcnften Platz in ihrer jeweiligen Altersstufe.<br>Au\u00dferdem wurde Nicole Falk (Q2) f\u00fcr ihr Werk mit einem 1. Platz in den Klassen 10-13<br>ausgezeichnet.<\/p>\n\n\n\n<p>Die Kunstwerke zeigen ganz unterschiedliche Schwerpunkte: Amelinas Bild zeigt ihre<br>Vorliebe f\u00fcr die \u00c4sthetik des Eiffelturms, (mit dem sie sich auch im Rahmen des<br>Expertenprojekt besch\u00e4ftigt hat), Svens Bild soll ausdr\u00fccken, dass es gemeinsam sch\u00f6ner<br>ist, Hannahs Bild verweist auf die Sch\u00f6nheit der Natur und Nicole m\u00f6chte in ihrem Werk die<br>Kurzlebigkeit und Fl\u00fcchtigkeit der Sch\u00f6nheit zum Ausdruck bringen.<\/p>\n\n\n\n<p>Die Schulgemeinde gratuliert herzlich zu diesem vier fachen tollen Erfolg!<br>Unser Beitragsbild zeigt von links nach rechts Sven, Amelina und Hannah mit ihren Werken.<\/p>\n\n\n\n<p>Mehr zum Wettbewerb findet man&nbsp;<a href=\"https:\/\/jugendcreativ-blog.de\/\"><strong>hier.<\/strong><\/a><\/p>\n\n\n\n<p><\/p>\n\n\n\n<p class=\"has-text-align-right\"><em>Foto: D. Hovestadt<\/em><br><\/p>\n","protected":false},"excerpt":{"rendered":"<p>Beim 51. Internationalen Jugendwettbewerb \u201ejugend creativ\u201c der Volksbanken undRaiffeisenbanken wurden gleich vier unserer Sch\u00fcler:innen mit Preisen und Urkundenausgezeichnet. Im diesj\u00e4hrigen Wettbewerb, bei dem sie von ihrer Kunstlehrerin FrauHovestadt angeleitet und unterst\u00fctzt worden sind, sollten die Teilnehmerinnen undTeilnehmer ihre k\u00fcnstlerisch-kreative Sicht auf das Thema \u201eSch\u00f6nheit\u201c gestalten. Amelina Koch (6b) bekam einen ersten Platz, Sven G\u00fcnter (6b) [&hellip;]<\/p>\n","protected":false},"author":11,"featured_media":12417,"comment_status":"closed","ping_status":"closed","sticky":false,"template":"","format":"standard","meta":{"_themeisle_gutenberg_block_has_review":false,"footnotes":""},"categories":[140,1],"tags":[],"class_list":["post-12416","post","type-post","status-publish","format-standard","has-post-thumbnail","hentry","category-aktuelles","category-allgemein"],"_links":{"self":[{"href":"https:\/\/goerdeler.lspb.de\/wordpress\/wp-json\/wp\/v2\/posts\/12416","targetHints":{"allow":["GET"]}}],"collection":[{"href":"https:\/\/goerdeler.lspb.de\/wordpress\/wp-json\/wp\/v2\/posts"}],"about":[{"href":"https:\/\/goerdeler.lspb.de\/wordpress\/wp-json\/wp\/v2\/types\/post"}],"author":[{"embeddable":true,"href":"https:\/\/goerdeler.lspb.de\/wordpress\/wp-json\/wp\/v2\/users\/11"}],"replies":[{"embeddable":true,"href":"https:\/\/goerdeler.lspb.de\/wordpress\/wp-json\/wp\/v2\/comments?post=12416"}],"version-history":[{"count":3,"href":"https:\/\/goerdeler.lspb.de\/wordpress\/wp-json\/wp\/v2\/posts\/12416\/revisions"}],"predecessor-version":[{"id":12435,"href":"https:\/\/goerdeler.lspb.de\/wordpress\/wp-json\/wp\/v2\/posts\/12416\/revisions\/12435"}],"wp:featuredmedia":[{"embeddable":true,"href":"https:\/\/goerdeler.lspb.de\/wordpress\/wp-json\/wp\/v2\/media\/12417"}],"wp:attachment":[{"href":"https:\/\/goerdeler.lspb.de\/wordpress\/wp-json\/wp\/v2\/media?parent=12416"}],"wp:term":[{"taxonomy":"category","embeddable":true,"href":"https:\/\/goerdeler.lspb.de\/wordpress\/wp-json\/wp\/v2\/categories?post=12416"},{"taxonomy":"post_tag","embeddable":true,"href":"https:\/\/goerdeler.lspb.de\/wordpress\/wp-json\/wp\/v2\/tags?post=12416"}],"curies":[{"name":"wp","href":"https:\/\/api.w.org\/{rel}","templated":true}]}}