{"id":12639,"date":"2022-08-25T18:01:14","date_gmt":"2022-08-25T16:01:14","guid":{"rendered":"https:\/\/goerdeler.lspb.de\/wordpress\/?p=12639"},"modified":"2022-08-25T18:14:54","modified_gmt":"2022-08-25T16:14:54","slug":"schulgemeinschaft-spendet-5-000-e-fuer-neue-baeume","status":"publish","type":"post","link":"https:\/\/goerdeler.lspb.de\/wordpress\/schulgemeinschaft-spendet-5-000-e-fuer-neue-baeume\/","title":{"rendered":"Schulgemeinschaft spendet 5.000 \u20ac f\u00fcr neue B\u00e4ume"},"content":{"rendered":"\n<h1 class=\"wp-block-heading\"><\/h1>\n\n\n\n<p>\u201eWir m\u00f6chten als Schulgemeinschaft ein gr\u00fcnes und regionales Zeichen setzen\u201c, erkl\u00e4rt Sch\u00fclervertreterin Leonie Brinksmeier, \u201eund Spenden aus unserem Sponsorenlauf f\u00fcr die Wiederbegr\u00fcnung Paderborns einsetzen.\u201c\u00a0<br>Vor den Sommerferien hatte am Goerdeler-Gymnasium eine Projektwoche zum Rahmenthema \u201eKlimaschutz und Nachhaltigkeit\u201c stattgefunden. Alle Sch\u00fcler:innen arbeiteten in dieser Zeit in 27 jahrgangs\u00fcbergreifenden Projekten mit unterschiedlichen Schwerpunkten im Bereich Kreativit\u00e4t, Handwerk, Musik, Sport, Umwelt, oder Forschung und Wissenschaft.<br>\u201eUrspr\u00fcnglich sollten die Spenden aus dem Sponsorenlauf zur Projektwoche f\u00fcr die Neuanlage unseres Schulteiches und die Aufforstung im Regenwald eingesetzt werden,\u201c f\u00fchrt Schulleiterin Manuela Ziemer aus, \u201edoch best\u00fcrzt \u00fcber die Baumverluste in Folge des Tornados entschied sich die Schulgemeinde f\u00fcr die Unterst\u00fctzung der Paderborner Gr\u00fcnfl\u00e4chen.\u201c<br>So wurde mit 5.000 \u20ac der Gro\u00dfteil der Spendensumme dem Verein \u201eFreunde der Pader\u201c und der Interessengemeinschaft Riemeke \u00fcberwiesen. B\u00fcrgermeister Michael Dreier besuchte nun das Goerdeler-Gymnasium. In einer Gespr\u00e4chsrunde mit der Sch\u00fclervertretung, Lehrern und Eltern schilderte er eindr\u00fccklich die massiven Zerst\u00f6rungen in der Schneise des Tornados. \u201eIch bin nach wie vor sehr ber\u00fchrt, welche gro\u00dfe Hilfs- und Spendenbereitschaft nach dem 20. Mai in Paderborn gelebt wurde. Das zeichnet Paderborn und auch diese Schule aus. Dem gemeinsamen Einsatz von Sch\u00fclern, Lehrern und Eltern gilt mein gro\u00dfer Dank und Respekt.\u201c<br><br>Die Schule selbst sieht die zuk\u00fcnftig gepflanzten B\u00e4ume an der Pader und im Riemeke nicht nur als Zeichen, sondern auch als weiteren Ansporn f\u00fcr den Klimaschutz-Einsatz.\u00a0<br>So finden sich Ergebnisse der Projektwoche dauerhaft im Schulalltag, etwa die Innenraumbegr\u00fcnung der Schulflure und neue AG-Angebote. Schulentwicklungskoordinatorin Birte Dietrich erl\u00e4uterte dem B\u00fcrgermeister zudem das aus der Projektwoche erwachsene Vorhaben, gemeinsam mit dem ASP und dem Schulverwaltungsamt die M\u00fclltrennung in der Schule zu implementieren. Bei der Bew\u00e4ltigung einiger H\u00fcrden signalisierte Michael Dreier Unterst\u00fctzung. Er ermutigte die Sch\u00fclerinnen und Sch\u00fcler der SV sich weiterhin zu engagieren und sprach eine Einladung zum Gegenbesuch aus: \u201eIch freue mich auf einen weiteren Austausch und lade euch als Sch\u00fclervertretung zu einer Gespr\u00e4chsrunde \u00fcber aktuelle gesellschaftliche Themen ins Rathaus ein.\u201c \u00a0\u00a0\u00a0\u00a0<\/p>\n\n\n\n<p class=\"has-text-align-right\"><em>Text\/Foto: N. Lamberty-Freckmann<\/em><\/p>\n\n\n\n<p><\/p>\n\n\n\n<p><em>In unserem Beitragsbild  zeigen, umrahmt von Sch\u00fclerinnen und Sch\u00fclern der SV, die Spendensumme (v.l.n.r.): Sch\u00fclervertreterin Leonie Brinksmeier und Sch\u00fclervertreter Marko Hoffmann, SV-Lehrer Florian Schumacher, Schulleiterin Manuela Ziemer, B\u00fcrgermeister Michael Dreier, Schulentwicklungskoordinatorin Birte Dietrich, Elternpflegschaftsvorsitzende Sabine Frey, der stellvertretende Schulleiter Martin Mevius und Sch\u00fclervertreter Jakob Hartmann.<\/em><br><br><\/p>\n","protected":false},"excerpt":{"rendered":"<p>\u201eWir m\u00f6chten als Schulgemeinschaft ein gr\u00fcnes und regionales Zeichen setzen\u201c, erkl\u00e4rt Sch\u00fclervertreterin Leonie Brinksmeier, \u201eund Spenden aus unserem Sponsorenlauf f\u00fcr die Wiederbegr\u00fcnung Paderborns einsetzen.\u201c\u00a0Vor den Sommerferien hatte am Goerdeler-Gymnasium eine Projektwoche zum Rahmenthema \u201eKlimaschutz und Nachhaltigkeit\u201c stattgefunden. Alle Sch\u00fcler:innen arbeiteten in dieser Zeit in 27 jahrgangs\u00fcbergreifenden Projekten mit unterschiedlichen Schwerpunkten im Bereich Kreativit\u00e4t, Handwerk, Musik, [&hellip;]<\/p>\n","protected":false},"author":14,"featured_media":12635,"comment_status":"closed","ping_status":"closed","sticky":false,"template":"","format":"standard","meta":{"_themeisle_gutenberg_block_has_review":false,"footnotes":""},"categories":[140,1],"tags":[],"class_list":["post-12639","post","type-post","status-publish","format-standard","has-post-thumbnail","hentry","category-aktuelles","category-allgemein"],"_links":{"self":[{"href":"https:\/\/goerdeler.lspb.de\/wordpress\/wp-json\/wp\/v2\/posts\/12639","targetHints":{"allow":["GET"]}}],"collection":[{"href":"https:\/\/goerdeler.lspb.de\/wordpress\/wp-json\/wp\/v2\/posts"}],"about":[{"href":"https:\/\/goerdeler.lspb.de\/wordpress\/wp-json\/wp\/v2\/types\/post"}],"author":[{"embeddable":true,"href":"https:\/\/goerdeler.lspb.de\/wordpress\/wp-json\/wp\/v2\/users\/14"}],"replies":[{"embeddable":true,"href":"https:\/\/goerdeler.lspb.de\/wordpress\/wp-json\/wp\/v2\/comments?post=12639"}],"version-history":[{"count":4,"href":"https:\/\/goerdeler.lspb.de\/wordpress\/wp-json\/wp\/v2\/posts\/12639\/revisions"}],"predecessor-version":[{"id":12644,"href":"https:\/\/goerdeler.lspb.de\/wordpress\/wp-json\/wp\/v2\/posts\/12639\/revisions\/12644"}],"wp:featuredmedia":[{"embeddable":true,"href":"https:\/\/goerdeler.lspb.de\/wordpress\/wp-json\/wp\/v2\/media\/12635"}],"wp:attachment":[{"href":"https:\/\/goerdeler.lspb.de\/wordpress\/wp-json\/wp\/v2\/media?parent=12639"}],"wp:term":[{"taxonomy":"category","embeddable":true,"href":"https:\/\/goerdeler.lspb.de\/wordpress\/wp-json\/wp\/v2\/categories?post=12639"},{"taxonomy":"post_tag","embeddable":true,"href":"https:\/\/goerdeler.lspb.de\/wordpress\/wp-json\/wp\/v2\/tags?post=12639"}],"curies":[{"name":"wp","href":"https:\/\/api.w.org\/{rel}","templated":true}]}}