{"id":12725,"date":"2022-08-31T16:09:15","date_gmt":"2022-08-31T14:09:15","guid":{"rendered":"https:\/\/goerdeler.lspb.de\/wordpress\/?p=12725"},"modified":"2022-08-31T16:09:16","modified_gmt":"2022-08-31T14:09:16","slug":"medienscouts-the-next-generation","status":"publish","type":"post","link":"https:\/\/goerdeler.lspb.de\/wordpress\/medienscouts-the-next-generation\/","title":{"rendered":"Medienscouts \u2013 \u201eThe next generation\u201c"},"content":{"rendered":"\n<p>Im zweiten Halbjahr des vergangenen Schuljahres wurden vier neue Medienscouts aus den jetzigen Klassen 8 sowie die Lehrkr\u00e4fte Frau Busche und Frau Koster in f\u00fcnf ganzt\u00e4gigen Fortbildungstagen digital ausgebildet. Jeder Termin hatte einen anderen Schwerpunkt. So ging es um die Themen Internet und Sicherheit, Soziale Netzwerke, Computerspiele und Cybermobbing.<\/p>\n\n\n\n<p>Nun konnte allen zur erfolgreichen Teilnahme mit Urkunden gratuliert werden.<br>Unser Beitragsbild zeigt (v.l.) Frau Michels (Medienscout-Beratungslehrkraft), Anna Hanfland,&nbsp; Valeriia Bilak,&nbsp; Frau Koster und Frau Busche (neue Medienscout-Beratungslehrkr\u00e4fte) und (vorne) Lea-Sophie Brokordt und Adelina Altajev.<\/p>\n\n\n\n<p>\u201eSchon 2013 waren viele Aspekte in der Ausbildung\u201c, berichtet Frau Michels, die vor elf Jahren schon dabei war, \u201eaber es ist toll, dass die Ausbilder am Zahn der Zeit sind und die vielen neuen Entwicklungen immer mitber\u00fccksichtigen.\u201c<br>Und nicht nur die Sch\u00fclerinnen haben auf der Reflexionsebene viel gelernt, um bald ihr Wissen weitergeben zu k\u00f6nnen. Auch Frau Koster und Frau Busche m\u00f6chten als neue Beratungslehrkr\u00e4fte nun durchstarten: Gemeinsam mit den vier M\u00e4dchen sowie anderen interessierten Acht- und Neuntkl\u00e4sslern werden sie im Rahmen einer AG verschiedene Themen erarbeiten, sowie bald unsere vier neuen f\u00fcnften Klassen \u00a0besuchen und schulen.<br><br>Mehr zur Ausbildung der neuen Mediensouts findet sich <a href=\"https:\/\/goerdeler.lspb.de\/wordpress\/neue-ur-medienscout-ausbildung\/\">hier<\/a>, zur Arbeit der Gruppe im vergangenen Schuljahr <a href=\"https:\/\/goerdeler.lspb.de\/wordpress\/medienscouts-on-tour\/\">hier<\/a> und zu den Medienscouts allgemein <a href=\"https:\/\/goerdeler.lspb.de\/wordpress\/profil\/medienscouts\/\">hier<\/a>.<\/p>\n\n\n\n<p class=\"has-text-align-right\"><em>Foto: N. Lamberty-Freckmann<\/em><\/p>\n\n\n\n<p class=\"has-text-align-right\"><em>Text: S. Michels (Medienp\u00e4dagogik)<\/em><\/p>\n","protected":false},"excerpt":{"rendered":"<p>Im zweiten Halbjahr des vergangenen Schuljahres wurden vier neue Medienscouts aus den jetzigen Klassen 8 sowie die Lehrkr\u00e4fte Frau Busche und Frau Koster in f\u00fcnf ganzt\u00e4gigen Fortbildungstagen digital ausgebildet. Jeder Termin hatte einen anderen Schwerpunkt. So ging es um die Themen Internet und Sicherheit, Soziale Netzwerke, Computerspiele und Cybermobbing. Nun konnte allen zur erfolgreichen Teilnahme [&hellip;]<\/p>\n","protected":false},"author":11,"featured_media":12723,"comment_status":"closed","ping_status":"closed","sticky":false,"template":"","format":"standard","meta":{"_themeisle_gutenberg_block_has_review":false,"footnotes":""},"categories":[140,1],"tags":[],"class_list":["post-12725","post","type-post","status-publish","format-standard","has-post-thumbnail","hentry","category-aktuelles","category-allgemein"],"_links":{"self":[{"href":"https:\/\/goerdeler.lspb.de\/wordpress\/wp-json\/wp\/v2\/posts\/12725","targetHints":{"allow":["GET"]}}],"collection":[{"href":"https:\/\/goerdeler.lspb.de\/wordpress\/wp-json\/wp\/v2\/posts"}],"about":[{"href":"https:\/\/goerdeler.lspb.de\/wordpress\/wp-json\/wp\/v2\/types\/post"}],"author":[{"embeddable":true,"href":"https:\/\/goerdeler.lspb.de\/wordpress\/wp-json\/wp\/v2\/users\/11"}],"replies":[{"embeddable":true,"href":"https:\/\/goerdeler.lspb.de\/wordpress\/wp-json\/wp\/v2\/comments?post=12725"}],"version-history":[{"count":1,"href":"https:\/\/goerdeler.lspb.de\/wordpress\/wp-json\/wp\/v2\/posts\/12725\/revisions"}],"predecessor-version":[{"id":12726,"href":"https:\/\/goerdeler.lspb.de\/wordpress\/wp-json\/wp\/v2\/posts\/12725\/revisions\/12726"}],"wp:featuredmedia":[{"embeddable":true,"href":"https:\/\/goerdeler.lspb.de\/wordpress\/wp-json\/wp\/v2\/media\/12723"}],"wp:attachment":[{"href":"https:\/\/goerdeler.lspb.de\/wordpress\/wp-json\/wp\/v2\/media?parent=12725"}],"wp:term":[{"taxonomy":"category","embeddable":true,"href":"https:\/\/goerdeler.lspb.de\/wordpress\/wp-json\/wp\/v2\/categories?post=12725"},{"taxonomy":"post_tag","embeddable":true,"href":"https:\/\/goerdeler.lspb.de\/wordpress\/wp-json\/wp\/v2\/tags?post=12725"}],"curies":[{"name":"wp","href":"https:\/\/api.w.org\/{rel}","templated":true}]}}