{"id":13061,"date":"2022-11-17T15:57:11","date_gmt":"2022-11-17T14:57:11","guid":{"rendered":"https:\/\/goerdeler.lspb.de\/wordpress\/?p=13061"},"modified":"2022-11-17T15:57:12","modified_gmt":"2022-11-17T14:57:12","slug":"sv-fahrt-nach-duesseldorf","status":"publish","type":"post","link":"https:\/\/goerdeler.lspb.de\/wordpress\/sv-fahrt-nach-duesseldorf\/","title":{"rendered":"<strong>SV-Fahrt nach D\u00fcsseldorf<\/strong>"},"content":{"rendered":"\n<p>Nach mehreren Jahren Unterbrechung stand f\u00fcr die Sch\u00fclervertretung in der vergangenen Woche eine dreit\u00e4gige SV-Fahrt auf dem Programm. Das Ziel: unsere Landeshauptstadt D\u00fcsseldorf.<\/p>\n\n\n\n<p>Am Mittwoch, den 9. November, ging es los. Treffpunkt war der Paderborner Hauptbahnhof. Der Himmel grau, die Stimmung m\u00fcde. Nach dreieinhalb Stunden Zugfahrt erreichten wir den D\u00fcsseldorfer Hauptbahnhof. Von dort fuhren wir mit der U-Bahn zum Luegplatz und liefen die letzten Meter den Rhein entlang, vorbei an dicht gedr\u00e4ngten alten H\u00e4usern in allen Formen und Farben.<\/p>\n\n\n\n<p>Endlich in der Jugendherberge angekommen, hatten wir 15 Minuten Zeit, um unsere Zimmer zu beziehen, bevor auch schon der erste Programmpunkt anstand: Ein Besuch des Landtages auf der anderen Rheinseite. Gemeinsam machten wir uns auf den Weg \u00fcber die Rheinkniebr\u00fccke, der sich doch recht lang zog. Immerhin schien inzwischen die Sonne und lie\u00df das Wasser unter uns glitzern.<\/p>\n\n\n\n<p>Vor dem Landtag wurden wir von Mitarbeitern der Security empfangen und durch die Sicherheitsschleuse gelotst. Au\u00dfer einer Gabel, welche in Gewahrsam genommen wurde, schienen wir ungef\u00e4hrlich zu sein. Im Landtag selbst ist man sehr stolz auf die architektonischen Formen des Geb\u00e4udes. Es gibt zahlreiche Fotos und wir schauten uns eine Miniaturversion an, w\u00e4hrend wir auf den Ex-Goerdelaner und Paderborner CDU-Abgeordneten Bernhard Hoppe-Biermeyer warteten, mit dem wir zu einer Diskussionsrunde verabredet waren. Er holte uns ab und f\u00fchrte uns in einen Konferenzraum, in dem er uns von seinem Werdegang, seiner Arbeit im Kreis Paderborn und im Landtag erz\u00e4hlte. Anschlie\u00dfend hatten wir selbst Gelegenheit, unsere Fragen an ihn loszuwerden. Diese drehten sich u.a. um Erneuerbaren Energien, den Ausbau des \u00f6ffentlichen Nahverkehrs im Paderborner Raum, die Ehe f\u00fcr alle und die Nutzung von Gendersprache und waren durchaus kritisch. Herr Hoppe-Biermeyer beantwortete diese offen und es entwickelte sich ein lebendiges Gespr\u00e4ch. Es wurde deutlich, dass Herrn Hoppe-Biermeyer Gespr\u00e4che gerade mit unserer Generation sehr wichtig sind.<\/p>\n\n\n\n<figure class=\"wp-block-gallery has-nested-images columns-default is-cropped wp-block-gallery-1 is-layout-flex wp-block-gallery-is-layout-flex\">\n<figure class=\"wp-block-image size-large\"><a href=\"https:\/\/goerdeler.lspb.de\/wordpress\/wp-content\/uploads\/2022_11_09_SV_Fahrt_1.jpg\"><img loading=\"lazy\" decoding=\"async\" width=\"900\" height=\"675\" data-id=\"13082\" src=\"https:\/\/goerdeler.lspb.de\/wordpress\/wp-content\/uploads\/2022_11_09_SV_Fahrt_1.jpg\" alt=\"\" class=\"wp-image-13082\" srcset=\"https:\/\/goerdeler.lspb.de\/wordpress\/wp-content\/uploads\/2022_11_09_SV_Fahrt_1.jpg 900w, https:\/\/goerdeler.lspb.de\/wordpress\/wp-content\/uploads\/2022_11_09_SV_Fahrt_1-300x225.jpg 300w, https:\/\/goerdeler.lspb.de\/wordpress\/wp-content\/uploads\/2022_11_09_SV_Fahrt_1-768x576.jpg 768w, https:\/\/goerdeler.lspb.de\/wordpress\/wp-content\/uploads\/2022_11_09_SV_Fahrt_1-585x440.jpg 585w, https:\/\/goerdeler.lspb.de\/wordpress\/wp-content\/uploads\/2022_11_09_SV_Fahrt_1-230x172.jpg 230w\" sizes=\"auto, (max-width: 900px) 100vw, 900px\" \/><\/a><\/figure>\n\n\n\n<figure class=\"wp-block-image size-large\"><a href=\"https:\/\/goerdeler.lspb.de\/wordpress\/wp-content\/uploads\/2022_11_09_SV_Fahrt_2.jpg\"><img loading=\"lazy\" decoding=\"async\" width=\"900\" height=\"675\" data-id=\"13083\" src=\"https:\/\/goerdeler.lspb.de\/wordpress\/wp-content\/uploads\/2022_11_09_SV_Fahrt_2.jpg\" alt=\"\" class=\"wp-image-13083\" srcset=\"https:\/\/goerdeler.lspb.de\/wordpress\/wp-content\/uploads\/2022_11_09_SV_Fahrt_2.jpg 900w, https:\/\/goerdeler.lspb.de\/wordpress\/wp-content\/uploads\/2022_11_09_SV_Fahrt_2-300x225.jpg 300w, https:\/\/goerdeler.lspb.de\/wordpress\/wp-content\/uploads\/2022_11_09_SV_Fahrt_2-768x576.jpg 768w, https:\/\/goerdeler.lspb.de\/wordpress\/wp-content\/uploads\/2022_11_09_SV_Fahrt_2-585x440.jpg 585w, https:\/\/goerdeler.lspb.de\/wordpress\/wp-content\/uploads\/2022_11_09_SV_Fahrt_2-230x172.jpg 230w\" sizes=\"auto, (max-width: 900px) 100vw, 900px\" \/><\/a><\/figure>\n\n\n\n<figure class=\"wp-block-image size-large\"><a href=\"https:\/\/goerdeler.lspb.de\/wordpress\/wp-content\/uploads\/2022_11_09_SV_Fahrt_3.jpg\"><img loading=\"lazy\" decoding=\"async\" width=\"900\" height=\"675\" data-id=\"13084\" src=\"https:\/\/goerdeler.lspb.de\/wordpress\/wp-content\/uploads\/2022_11_09_SV_Fahrt_3.jpg\" alt=\"\" class=\"wp-image-13084\" srcset=\"https:\/\/goerdeler.lspb.de\/wordpress\/wp-content\/uploads\/2022_11_09_SV_Fahrt_3.jpg 900w, https:\/\/goerdeler.lspb.de\/wordpress\/wp-content\/uploads\/2022_11_09_SV_Fahrt_3-300x225.jpg 300w, https:\/\/goerdeler.lspb.de\/wordpress\/wp-content\/uploads\/2022_11_09_SV_Fahrt_3-768x576.jpg 768w, https:\/\/goerdeler.lspb.de\/wordpress\/wp-content\/uploads\/2022_11_09_SV_Fahrt_3-585x440.jpg 585w, https:\/\/goerdeler.lspb.de\/wordpress\/wp-content\/uploads\/2022_11_09_SV_Fahrt_3-230x172.jpg 230w\" sizes=\"auto, (max-width: 900px) 100vw, 900px\" \/><\/a><\/figure>\n\n\n\n<figure class=\"wp-block-image size-large\"><a href=\"https:\/\/goerdeler.lspb.de\/wordpress\/wp-content\/uploads\/2022_11_09_SV_Fahrt_4.jpg\"><img loading=\"lazy\" decoding=\"async\" width=\"900\" height=\"675\" data-id=\"13085\" src=\"https:\/\/goerdeler.lspb.de\/wordpress\/wp-content\/uploads\/2022_11_09_SV_Fahrt_4.jpg\" alt=\"\" class=\"wp-image-13085\" srcset=\"https:\/\/goerdeler.lspb.de\/wordpress\/wp-content\/uploads\/2022_11_09_SV_Fahrt_4.jpg 900w, https:\/\/goerdeler.lspb.de\/wordpress\/wp-content\/uploads\/2022_11_09_SV_Fahrt_4-300x225.jpg 300w, https:\/\/goerdeler.lspb.de\/wordpress\/wp-content\/uploads\/2022_11_09_SV_Fahrt_4-768x576.jpg 768w, https:\/\/goerdeler.lspb.de\/wordpress\/wp-content\/uploads\/2022_11_09_SV_Fahrt_4-585x440.jpg 585w, https:\/\/goerdeler.lspb.de\/wordpress\/wp-content\/uploads\/2022_11_09_SV_Fahrt_4-230x172.jpg 230w\" sizes=\"auto, (max-width: 900px) 100vw, 900px\" \/><\/a><\/figure>\n<\/figure>\n\n\n\n<p>Nach einem abschlie\u00dfenden Bild f\u00fcr seinen Insta-Account verabschiedeten wir uns und unsere Sch\u00fclersprecherin Leonie Brinksmeier \u00fcberreichte Herrn Hoppe-Biermeyer als Dankesch\u00f6n eine Tasse mit Goerdeler-Logo, die \u2013 laut seinem Insta-Account &#8211; einen Ehrenplatz auf seinen Schreibtisch erhalten hat. Wir erhielten eine F\u00fchrung auf die Besuchertrib\u00fcne des Landtags und wurden \u00fcber die Funktionen des Landtages und die Arbeit der Abgeordneten informiert. Im Anschluss erhielten wir im Restaurant Kaffee und Kuchen, womit das Programm im Landtag endete. Nun hatten wir Freizeit und konnten die D\u00fcsseldorfer Altstadt erkunden.<\/p>\n\n\n\n<p>Abends trafen wir uns zum Abendessen wieder und \u00fcberlegten uns eine Abendgestaltung. Viel gab es da allerdings nicht zu \u00fcberlegen, \u201eWerwolf\u201c war sofort Nummer eins unter den Ideen und wir verbrachten einen kurzweiligen Abend.<\/p>\n\n\n\n<p>Der n\u00e4chsten Morgen hielt, nach dem gemeinsamen Fr\u00fchst\u00fcck und der Tagesplanung, Arbeit f\u00fcr uns bereit. Den Vormittag verbrachten wir in unseren Projektgruppen. Wir arbeiteten an der Gestaltung des Tages der offenen T\u00fcr, einem neuen Design f\u00fcr unsere Schulkleidung und einer neuen Wahlordnung. Der Eifer, mit dem alle dabei waren, war erstaunlich. Die Arbeit verlief sehr konzentriert und \u00e4u\u00dferst produktiv. Am Ende des Tages hatten wir geschafft, was wir schaffen wollten, und zus\u00e4tzlich einiges an neuen Projektideen gesammelt.<\/p>\n\n\n\n<p>Nach dem verdienten Mittagessen ging es f\u00fcr uns zum Teambuilding in die Boulderhalle. Wir mussten ein gutes St\u00fcck mit der Bahn fahren, bevor wir das flache Geb\u00e4ude erreichen. Drinnen wurden wir von Guide Lukas und leiser Musik empfangen. Es roch nach Kalk, Gummi und Schwei\u00df.<\/p>\n\n\n\n<p>Nach einer kleinen Einf\u00fchrung hat Lukas ein paar Spiele f\u00fcr uns vorbereitet, die uns als Team zusammenschwei\u00dfen sollten: Klettern mit verbundenen Augen unter Anleitung eines Partners und eine Lego-Challenge, bei der wir in zwei Teams gegeneinander antraten und gut miteinander kooperieren mussten. Schnell wurde uns klar, dass man zum Bouldern \u00fcberall Muskeln braucht, die nur wenige von uns haben, aber der Spa\u00df stand im Vordergrund.<\/p>\n\n\n\n<figure class=\"wp-block-gallery has-nested-images columns-default is-cropped wp-block-gallery-2 is-layout-flex wp-block-gallery-is-layout-flex\">\n<figure class=\"wp-block-image size-large\"><a href=\"https:\/\/goerdeler.lspb.de\/wordpress\/wp-content\/uploads\/2022_11_09_SV_Fahrt_5.jpg\"><img loading=\"lazy\" decoding=\"async\" width=\"900\" height=\"506\" data-id=\"13086\" src=\"https:\/\/goerdeler.lspb.de\/wordpress\/wp-content\/uploads\/2022_11_09_SV_Fahrt_5.jpg\" alt=\"\" class=\"wp-image-13086\" srcset=\"https:\/\/goerdeler.lspb.de\/wordpress\/wp-content\/uploads\/2022_11_09_SV_Fahrt_5.jpg 900w, https:\/\/goerdeler.lspb.de\/wordpress\/wp-content\/uploads\/2022_11_09_SV_Fahrt_5-300x169.jpg 300w, https:\/\/goerdeler.lspb.de\/wordpress\/wp-content\/uploads\/2022_11_09_SV_Fahrt_5-768x432.jpg 768w\" sizes=\"auto, (max-width: 900px) 100vw, 900px\" \/><\/a><\/figure>\n\n\n\n<figure class=\"wp-block-image size-large\"><a href=\"https:\/\/goerdeler.lspb.de\/wordpress\/wp-content\/uploads\/2022_11_09_SV_Fahrt_7.jpg\"><img loading=\"lazy\" decoding=\"async\" width=\"900\" height=\"506\" data-id=\"13088\" src=\"https:\/\/goerdeler.lspb.de\/wordpress\/wp-content\/uploads\/2022_11_09_SV_Fahrt_7.jpg\" alt=\"\" class=\"wp-image-13088\" srcset=\"https:\/\/goerdeler.lspb.de\/wordpress\/wp-content\/uploads\/2022_11_09_SV_Fahrt_7.jpg 900w, https:\/\/goerdeler.lspb.de\/wordpress\/wp-content\/uploads\/2022_11_09_SV_Fahrt_7-300x169.jpg 300w, https:\/\/goerdeler.lspb.de\/wordpress\/wp-content\/uploads\/2022_11_09_SV_Fahrt_7-768x432.jpg 768w\" sizes=\"auto, (max-width: 900px) 100vw, 900px\" \/><\/a><\/figure>\n\n\n\n<figure class=\"wp-block-image size-large\"><a href=\"https:\/\/goerdeler.lspb.de\/wordpress\/wp-content\/uploads\/2022_11_09_SV_Fahrt_6.jpg\"><img loading=\"lazy\" decoding=\"async\" width=\"900\" height=\"506\" data-id=\"13087\" src=\"https:\/\/goerdeler.lspb.de\/wordpress\/wp-content\/uploads\/2022_11_09_SV_Fahrt_6.jpg\" alt=\"\" class=\"wp-image-13087\" srcset=\"https:\/\/goerdeler.lspb.de\/wordpress\/wp-content\/uploads\/2022_11_09_SV_Fahrt_6.jpg 900w, https:\/\/goerdeler.lspb.de\/wordpress\/wp-content\/uploads\/2022_11_09_SV_Fahrt_6-300x169.jpg 300w, https:\/\/goerdeler.lspb.de\/wordpress\/wp-content\/uploads\/2022_11_09_SV_Fahrt_6-768x432.jpg 768w\" sizes=\"auto, (max-width: 900px) 100vw, 900px\" \/><\/a><\/figure>\n<\/figure>\n\n\n\n<p>Im Anschluss an diesen sportlichen Nachmittag verbrachten wir in Kleingruppen ganz unterschiedlich unsere Freizeit: einigen stand der Sinn nach Shopping, andere besuchten den Rheintower oder den Botanischen Garten. Als wir abends p\u00fcnktlich zum Abendessen von allen Seiten den Rhein entlang zur\u00fcck zur Jugendherberge liefen, war es l\u00e4ngst dunkel. Auf der anderen Seite des Flusses leuchteten die Lichter der Stadt, und spiegelten sich im Wasser. \u00dcber den Rheinbr\u00fccken stand der Mond, fast voll, fast rund und unfassbar hell.<\/p>\n\n\n\n<p>Nach dem Abendessen stellten wir uns im Plenum unsere Ergebnisse aus den einzelnen Gruppen am Vormittag vor und tauschten uns dar\u00fcber aus. Auch an unserem zweiten Abend war \u201eWerwolf\u201c das Spiel unserer Wahl. &nbsp;<\/p>\n\n\n\n<p>Am n\u00e4chsten Morgen mussten wir leider schon packen und hatten nach einem letzten gemeinsamen Fr\u00fchst\u00fcck noch Zeit, um bei sch\u00f6nstem Wetter die Stadt zu erkunden. Uns liefen viele Jecken \u00fcber den Weg, denn es war Karnevalsauftakt. Die R\u00fcckfahrt im Zug verlief fr\u00f6hlich und wir waren positiv gestimmt. Wir haben einiges erreicht und effektiv gearbeitet. Auch als Team sind wir zusammengewachsen und bilden dank der gemeinsamen Zeit, trotz unserer Altersunterschiede, ein Team, in dem sich hoffentlich jeder willkommen und geh\u00f6rt f\u00fchlen kann. Wir w\u00fcnschen uns, diese Stimmung und Arbeitsmoral in den k\u00fcnftigen SV-Sitzungen aufrechterhalten zu k\u00f6nnen.<\/p>\n\n\n\n<p class=\"has-text-align-right\"><em>Text: Kaja Opitz (f\u00fcr die SV) \/ I. Offele<br>Fotos: I. Offele \/ Besucherdienst Landtag<\/em><\/p>\n","protected":false},"excerpt":{"rendered":"<p>Nach mehreren Jahren Unterbrechung stand f\u00fcr die Sch\u00fclervertretung in der vergangenen Woche eine dreit\u00e4gige SV-Fahrt auf dem Programm. Das Ziel: unsere Landeshauptstadt D\u00fcsseldorf. Am Mittwoch, den 9. November, ging es los. Treffpunkt war der Paderborner Hauptbahnhof. Der Himmel grau, die Stimmung m\u00fcde. Nach dreieinhalb Stunden Zugfahrt erreichten wir den D\u00fcsseldorfer Hauptbahnhof. Von dort fuhren wir [&hellip;]<\/p>\n","protected":false},"author":11,"featured_media":13089,"comment_status":"closed","ping_status":"closed","sticky":false,"template":"","format":"standard","meta":{"_themeisle_gutenberg_block_has_review":false,"footnotes":""},"categories":[140,1],"tags":[],"class_list":["post-13061","post","type-post","status-publish","format-standard","has-post-thumbnail","hentry","category-aktuelles","category-allgemein"],"_links":{"self":[{"href":"https:\/\/goerdeler.lspb.de\/wordpress\/wp-json\/wp\/v2\/posts\/13061","targetHints":{"allow":["GET"]}}],"collection":[{"href":"https:\/\/goerdeler.lspb.de\/wordpress\/wp-json\/wp\/v2\/posts"}],"about":[{"href":"https:\/\/goerdeler.lspb.de\/wordpress\/wp-json\/wp\/v2\/types\/post"}],"author":[{"embeddable":true,"href":"https:\/\/goerdeler.lspb.de\/wordpress\/wp-json\/wp\/v2\/users\/11"}],"replies":[{"embeddable":true,"href":"https:\/\/goerdeler.lspb.de\/wordpress\/wp-json\/wp\/v2\/comments?post=13061"}],"version-history":[{"count":3,"href":"https:\/\/goerdeler.lspb.de\/wordpress\/wp-json\/wp\/v2\/posts\/13061\/revisions"}],"predecessor-version":[{"id":13090,"href":"https:\/\/goerdeler.lspb.de\/wordpress\/wp-json\/wp\/v2\/posts\/13061\/revisions\/13090"}],"wp:featuredmedia":[{"embeddable":true,"href":"https:\/\/goerdeler.lspb.de\/wordpress\/wp-json\/wp\/v2\/media\/13089"}],"wp:attachment":[{"href":"https:\/\/goerdeler.lspb.de\/wordpress\/wp-json\/wp\/v2\/media?parent=13061"}],"wp:term":[{"taxonomy":"category","embeddable":true,"href":"https:\/\/goerdeler.lspb.de\/wordpress\/wp-json\/wp\/v2\/categories?post=13061"},{"taxonomy":"post_tag","embeddable":true,"href":"https:\/\/goerdeler.lspb.de\/wordpress\/wp-json\/wp\/v2\/tags?post=13061"}],"curies":[{"name":"wp","href":"https:\/\/api.w.org\/{rel}","templated":true}]}}