{"id":15848,"date":"2024-06-17T10:25:58","date_gmt":"2024-06-17T08:25:58","guid":{"rendered":"https:\/\/goerdeler.lspb.de\/wordpress\/?p=15848"},"modified":"2024-07-05T15:05:58","modified_gmt":"2024-07-05T13:05:58","slug":"vielfalt-erleben-gemeinsam-gestalten","status":"publish","type":"post","link":"https:\/\/goerdeler.lspb.de\/wordpress\/vielfalt-erleben-gemeinsam-gestalten\/","title":{"rendered":"Vielfalt erleben \u2013 Gemeinsam gestalten"},"content":{"rendered":"\n<p>Vielfalt leben &#8211; das war unser Leitgedanke des Schuljahres 2023\/24, unter dem im wahrsten Sinne \u201evielf\u00e4ltige\u201c Aktionen stattgefunden haben. Mit unserer Projektwoche, die vom 1.7. bis 4.7. stattfindet, wird dieses Jahresvorhaben abgerundet und Vielfalt multiperspektivisch erfahrbar gemacht.<\/p>\n\n\n\n<p>Miniaturfotografie und Tanz, Theater und Malerei, Videodreh und Musical \u2013 zahlreiche Projekte thematisieren Vielfalt in allen Facetten, beispielsweise die Themen Biodiversit\u00e4t, Leben mit Behinderung, Vielfalt unterschiedlicher Kulturen, Religionen, Generationen und Geschlechter. Unsere Sch\u00fcler:innen sollen damit Vielfalt erfahren und neue Perspektiven einnehmen k\u00f6nnen. Drei Tage lang besch\u00e4ftigen sie sich intensiv mit den Themen ihrer Wahl. Am 4.7. m\u00fcnden die Projekttage in ein Schulfest, auf dem die Projektergebnisse pr\u00e4sentiert werden und das Thema Vielfalt gefeiert wird. Wir freuen uns auf zahlreiche Besucher:innen!<\/p>\n\n\n\n<p class=\"has-text-align-center\"><strong><em>Wir freuen uns,<\/em><\/strong><br><strong><em> gemeinsam eine<\/em><\/strong><br><strong><em>fr\u00f6hliche, bunte und vielf\u00e4ltige<\/em><\/strong><br><strong><em>Zeit zu erleben!<\/em><\/strong><\/p>\n\n\n\n<p>Zus\u00e4tzliche Informationsschreiben k\u00f6nnen Sie unter folgenden Links herunterladen:<\/p>\n\n\n\n<p><a href=\"https:\/\/goerdeler.lspb.de\/wordpress\/wp-content\/uploads\/Info_Schulgem_Projektwoche_2024_06_12-\u2013-Kopie.pdf\">Info Projektwoche 2024<\/a><br><a href=\"https:\/\/goerdeler.lspb.de\/wordpress\/wp-content\/uploads\/Elternbrief_Schulfest.pdf\">Elternbrief Schulfest<\/a><\/p>\n\n\n<div class=\"wp-block-image\">\n<figure class=\"aligncenter size-full\"><a href=\"https:\/\/goerdeler.lspb.de\/wordpress\/wp-content\/uploads\/image-5.png\"><img loading=\"lazy\" decoding=\"async\" width=\"611\" height=\"279\" src=\"https:\/\/goerdeler.lspb.de\/wordpress\/wp-content\/uploads\/image-5.png\" alt=\"\" class=\"wp-image-15854\" srcset=\"https:\/\/goerdeler.lspb.de\/wordpress\/wp-content\/uploads\/image-5.png 611w, https:\/\/goerdeler.lspb.de\/wordpress\/wp-content\/uploads\/image-5-300x137.png 300w\" sizes=\"auto, (max-width: 611px) 100vw, 611px\" \/><\/a><\/figure>\n<\/div>","protected":false},"excerpt":{"rendered":"<p>Vielfalt leben &#8211; das war unser Leitgedanke des Schuljahres 2023\/24, unter dem im wahrsten Sinne \u201evielf\u00e4ltige\u201c Aktionen stattgefunden haben. Mit unserer Projektwoche, die vom 1.7. bis 4.7. stattfindet, wird dieses Jahresvorhaben abgerundet und Vielfalt multiperspektivisch erfahrbar gemacht. Miniaturfotografie und Tanz, Theater und Malerei, Videodreh und Musical \u2013 zahlreiche Projekte thematisieren Vielfalt in allen Facetten, beispielsweise [&hellip;]<\/p>\n","protected":false},"author":11,"featured_media":15865,"comment_status":"closed","ping_status":"closed","sticky":false,"template":"","format":"standard","meta":{"_themeisle_gutenberg_block_has_review":false,"footnotes":""},"categories":[140,1],"tags":[],"class_list":["post-15848","post","type-post","status-publish","format-standard","has-post-thumbnail","hentry","category-aktuelles","category-allgemein"],"_links":{"self":[{"href":"https:\/\/goerdeler.lspb.de\/wordpress\/wp-json\/wp\/v2\/posts\/15848","targetHints":{"allow":["GET"]}}],"collection":[{"href":"https:\/\/goerdeler.lspb.de\/wordpress\/wp-json\/wp\/v2\/posts"}],"about":[{"href":"https:\/\/goerdeler.lspb.de\/wordpress\/wp-json\/wp\/v2\/types\/post"}],"author":[{"embeddable":true,"href":"https:\/\/goerdeler.lspb.de\/wordpress\/wp-json\/wp\/v2\/users\/11"}],"replies":[{"embeddable":true,"href":"https:\/\/goerdeler.lspb.de\/wordpress\/wp-json\/wp\/v2\/comments?post=15848"}],"version-history":[{"count":4,"href":"https:\/\/goerdeler.lspb.de\/wordpress\/wp-json\/wp\/v2\/posts\/15848\/revisions"}],"predecessor-version":[{"id":15873,"href":"https:\/\/goerdeler.lspb.de\/wordpress\/wp-json\/wp\/v2\/posts\/15848\/revisions\/15873"}],"wp:featuredmedia":[{"embeddable":true,"href":"https:\/\/goerdeler.lspb.de\/wordpress\/wp-json\/wp\/v2\/media\/15865"}],"wp:attachment":[{"href":"https:\/\/goerdeler.lspb.de\/wordpress\/wp-json\/wp\/v2\/media?parent=15848"}],"wp:term":[{"taxonomy":"category","embeddable":true,"href":"https:\/\/goerdeler.lspb.de\/wordpress\/wp-json\/wp\/v2\/categories?post=15848"},{"taxonomy":"post_tag","embeddable":true,"href":"https:\/\/goerdeler.lspb.de\/wordpress\/wp-json\/wp\/v2\/tags?post=15848"}],"curies":[{"name":"wp","href":"https:\/\/api.w.org\/{rel}","templated":true}]}}