{"id":16491,"date":"2024-10-07T07:14:50","date_gmt":"2024-10-07T05:14:50","guid":{"rendered":"https:\/\/goerdeler.lspb.de\/wordpress\/?p=16491"},"modified":"2024-10-07T07:14:51","modified_gmt":"2024-10-07T05:14:51","slug":"projekttag-fuer-eine-gute-klassengemeinschaft","status":"publish","type":"post","link":"https:\/\/goerdeler.lspb.de\/wordpress\/projekttag-fuer-eine-gute-klassengemeinschaft\/","title":{"rendered":"Projekttag f\u00fcr eine gute Klassengemeinschaft"},"content":{"rendered":"\n<p><em>\u201eDie Klassengemeinschaft st\u00e4rken und Mobbing pr\u00e4ventiv entgegenwirken\u201c<\/em> &#8211; unter diesem Motto stand das Projekt \u201eSPOTLIGHT \u2013 Theater gegen Mobbing\u201c, das an unserer Schule am 30. September f\u00fcr den gesamten Jahrgang 7 durchgef\u00fchrt wurde.<br>Das Projekt zielte darauf ab, den Zusammenhalt in der Klasse zu st\u00e4rken \u2013 ein Schl\u00fcssel, um Mobbing vorzubeugen und das respektvolle Miteinander zu f\u00f6rdern.<br>Der Projekttag begann mit einem Theaterst\u00fcck. In kurzen Szenen zeigte das Team des Arbeitskreises Soziale Bildung und Beratung e.V. (asb), wie aus anf\u00e4nglichen H\u00e4nseleien systematische Ausgrenzung und psychischer Druck entstehen k\u00f6nnen. Am Ende des St\u00fccks blieb die Frage offen: Was k\u00f6nnen wir als Klasse tun, um Situationen wie diese zu verhindern?<br>Nach dem Theaterst\u00fcck wurden die Sch\u00fcler:innen selbst aktiv: Sie diskutierten innerhalb ihrer Klassen gemeinsam, welche Wege es gibt, den Zusammenhalt in der Klasse zu st\u00e4rken, um Mobbing zu verhindern. Ein wichtiger Aspekt des Projekts war, dass jede\/r Sch\u00fcler\/in seine\/ihre eigene Rolle in der Klassengemeinschaft reflektiert und erkennt, dass eine gute Klassengemeinschaft nur gelingt, wenn alle gemeinsam Verantwortung \u00fcbernehmen.<br>Im weiteren Verlauf des Tages arbeiteten die Sch\u00fclerinnen in kleineren, geschlechtergetrennten Gruppen weiter. Sie erarbeiteten praktische L\u00f6sungsans\u00e4tze f\u00fcr Konflikte und setzten diese szenisch um. Der Dialog \u00fcber Gef\u00fchle, Bed\u00fcrfnisse und Konflikte st\u00e4rkte das gegenseitige Verst\u00e4ndnis und f\u00f6rderte ein Klima des Vertrauens.<br>F\u00fcr die Sch\u00fcler:nnen war der Projekttag nicht nur ein spannendes Erlebnis, sondern auch eine wichtige Erfahrung, wie positiv sich der respektvolle Umgang miteinander auf eine gute Klassengemeinschaft auswirken kann.<br><br>Besonderer Dank gilt dem F\u00f6rderverein des Goerdeler-Gymnasiums, der die Kosten des Projekttages f\u00fcr alle Sch\u00fcler:innen \u00fcbernommen hat, und dem Team des Arbeitskreises Soziale Bildung und Beratung e.V. (asb), das ma\u00dfgeblich zum Gelingen des Projekttages beigetragen hat.<\/p>\n\n\n\n<p class=\"has-text-align-right\"><em>Text: V. Bunse<\/em><\/p>\n\n\n\n<p>\u201eSPOTLIGHT \u2013 Theater gegen Mobbing<sup>\u00ae<\/sup>\u201c z\u00e4hlt zu den Bausteinen des westfalenweiten Projekts \u201eStark im Miteinander<em>N<\/em><sup>\u00ae<\/sup>\u201c (<a href=\"https:\/\/www.miteinandern.de\/\" target=\"_blank\" rel=\"noreferrer noopener\">www.miteinandern.de<\/a>).<\/p>\n","protected":false},"excerpt":{"rendered":"<p>\u201eDie Klassengemeinschaft st\u00e4rken und Mobbing pr\u00e4ventiv entgegenwirken\u201c &#8211; unter diesem Motto stand das Projekt \u201eSPOTLIGHT \u2013 Theater gegen Mobbing\u201c, das an unserer Schule am 30. September f\u00fcr den gesamten Jahrgang 7 durchgef\u00fchrt wurde.Das Projekt zielte darauf ab, den Zusammenhalt in der Klasse zu st\u00e4rken \u2013 ein Schl\u00fcssel, um Mobbing vorzubeugen und das respektvolle Miteinander zu [&hellip;]<\/p>\n","protected":false},"author":11,"featured_media":16492,"comment_status":"closed","ping_status":"closed","sticky":false,"template":"","format":"standard","meta":{"_themeisle_gutenberg_block_has_review":false,"footnotes":""},"categories":[140,1,222],"tags":[],"class_list":["post-16491","post","type-post","status-publish","format-standard","has-post-thumbnail","hentry","category-aktuelles","category-allgemein","category-beratung"],"_links":{"self":[{"href":"https:\/\/goerdeler.lspb.de\/wordpress\/wp-json\/wp\/v2\/posts\/16491","targetHints":{"allow":["GET"]}}],"collection":[{"href":"https:\/\/goerdeler.lspb.de\/wordpress\/wp-json\/wp\/v2\/posts"}],"about":[{"href":"https:\/\/goerdeler.lspb.de\/wordpress\/wp-json\/wp\/v2\/types\/post"}],"author":[{"embeddable":true,"href":"https:\/\/goerdeler.lspb.de\/wordpress\/wp-json\/wp\/v2\/users\/11"}],"replies":[{"embeddable":true,"href":"https:\/\/goerdeler.lspb.de\/wordpress\/wp-json\/wp\/v2\/comments?post=16491"}],"version-history":[{"count":1,"href":"https:\/\/goerdeler.lspb.de\/wordpress\/wp-json\/wp\/v2\/posts\/16491\/revisions"}],"predecessor-version":[{"id":16493,"href":"https:\/\/goerdeler.lspb.de\/wordpress\/wp-json\/wp\/v2\/posts\/16491\/revisions\/16493"}],"wp:featuredmedia":[{"embeddable":true,"href":"https:\/\/goerdeler.lspb.de\/wordpress\/wp-json\/wp\/v2\/media\/16492"}],"wp:attachment":[{"href":"https:\/\/goerdeler.lspb.de\/wordpress\/wp-json\/wp\/v2\/media?parent=16491"}],"wp:term":[{"taxonomy":"category","embeddable":true,"href":"https:\/\/goerdeler.lspb.de\/wordpress\/wp-json\/wp\/v2\/categories?post=16491"},{"taxonomy":"post_tag","embeddable":true,"href":"https:\/\/goerdeler.lspb.de\/wordpress\/wp-json\/wp\/v2\/tags?post=16491"}],"curies":[{"name":"wp","href":"https:\/\/api.w.org\/{rel}","templated":true}]}}