{"id":17028,"date":"2025-01-22T07:38:18","date_gmt":"2025-01-22T06:38:18","guid":{"rendered":"https:\/\/goerdeler.lspb.de\/wordpress\/?p=17028"},"modified":"2025-01-28T10:06:11","modified_gmt":"2025-01-28T09:06:11","slug":"schuelerinnen-der-9-klassen-besuchen-sonderausstellung-in-der-wewelsburg","status":"publish","type":"post","link":"https:\/\/goerdeler.lspb.de\/wordpress\/schuelerinnen-der-9-klassen-besuchen-sonderausstellung-in-der-wewelsburg\/","title":{"rendered":"Sch\u00fcler:innen der 9. Klassen besuchen Sonderausstellung in der Wewelsburg"},"content":{"rendered":"\n<p>Am 21.1. unternahmen die Sch\u00fcler:innen des PGL-Kurses der Jahrgangsstufe 9 eine lehrreiche Exkursion ins Kreismuseum Wewelsburg. Im Fokus stand die Sonderausstellung &#8222;Gedenkst\u00e4tten der NS-Verbrechen&#8220;, die mit rund 70 Fotografien von Maria Zarada einen ersch\u00fctternden Einblick in das Leben und Leiden der Menschen in den Konzentrationslagern Dachau, Sachsenhausen und Buchenwald gew\u00e4hrte.<br>Die gro\u00dfformatigen Aufnahmen der Fotografin vermittelten den Jugendlichen ein tiefgreifendes Verst\u00e4ndnis f\u00fcr die Bedeutung von Erinnerung und Gedenken an die Opfer des Nationalsozialismus.<br>Mit Freigabe der Verantwortlichen hier ein Einblick in die Aufnahmen und Plakate (<a href=\"https:\/\/www.dreisteine.com\/wewelsburg\">https:\/\/www.dreisteine.com\/wewelsburg<\/a>):<br><\/p>\n\n\n\n<figure class=\"wp-block-image size-full\"><a href=\"https:\/\/goerdeler.lspb.de\/wordpress\/wp-content\/uploads\/2025-01-25_Ausstellung_Wewelsburg.jpg\"><img loading=\"lazy\" decoding=\"async\" width=\"900\" height=\"671\" src=\"https:\/\/goerdeler.lspb.de\/wordpress\/wp-content\/uploads\/2025-01-25_Ausstellung_Wewelsburg.jpg\" alt=\"\" class=\"wp-image-17036\" srcset=\"https:\/\/goerdeler.lspb.de\/wordpress\/wp-content\/uploads\/2025-01-25_Ausstellung_Wewelsburg.jpg 900w, https:\/\/goerdeler.lspb.de\/wordpress\/wp-content\/uploads\/2025-01-25_Ausstellung_Wewelsburg-300x224.jpg 300w, https:\/\/goerdeler.lspb.de\/wordpress\/wp-content\/uploads\/2025-01-25_Ausstellung_Wewelsburg-768x573.jpg 768w, https:\/\/goerdeler.lspb.de\/wordpress\/wp-content\/uploads\/2025-01-25_Ausstellung_Wewelsburg-230x172.jpg 230w\" sizes=\"auto, (max-width: 900px) 100vw, 900px\" \/><\/a><\/figure>\n\n\n\n<p><em>Von der Betroffenheit zur aktiven Auseinandersetzung<br><\/em>Um die gewonnenen Eindr\u00fccke zu verarbeiten und eigene Positionen zu entwickeln, folgte im Anschluss an die Besichtigung ein Plakatworkshop unter der Leitung des Grafikers Nils Oskamp. Ausgehend von den in der Ausstellung gesehenen Bildern und eigenen Gedanken setzten sich die Sch\u00fcler:innen kreativ mit dem Thema &#8222;Gruppenbezogene Menschenfeindlichkeit&#8220; auseinander.<br>In kleinen Gruppen entwickelten sie Slogans und gestalteten erste Entw\u00fcrfe f\u00fcr Plakate, die eine klare Botschaft gegen Rassismus, Antisemitismus und andere Formen der Diskriminierung vermitteln sollten.<\/p>\n\n\n\n<figure class=\"wp-block-gallery has-nested-images columns-default is-cropped wp-block-gallery-1 is-layout-flex wp-block-gallery-is-layout-flex\">\n<figure class=\"wp-block-image size-large\"><a href=\"https:\/\/goerdeler.lspb.de\/wordpress\/wp-content\/uploads\/2025-01-21_ExkursionWewelsburg_2.jpg\"><img loading=\"lazy\" decoding=\"async\" width=\"900\" height=\"675\" data-id=\"17030\" src=\"https:\/\/goerdeler.lspb.de\/wordpress\/wp-content\/uploads\/2025-01-21_ExkursionWewelsburg_2.jpg\" alt=\"\" class=\"wp-image-17030\" srcset=\"https:\/\/goerdeler.lspb.de\/wordpress\/wp-content\/uploads\/2025-01-21_ExkursionWewelsburg_2.jpg 900w, https:\/\/goerdeler.lspb.de\/wordpress\/wp-content\/uploads\/2025-01-21_ExkursionWewelsburg_2-300x225.jpg 300w, https:\/\/goerdeler.lspb.de\/wordpress\/wp-content\/uploads\/2025-01-21_ExkursionWewelsburg_2-768x576.jpg 768w, https:\/\/goerdeler.lspb.de\/wordpress\/wp-content\/uploads\/2025-01-21_ExkursionWewelsburg_2-585x440.jpg 585w, https:\/\/goerdeler.lspb.de\/wordpress\/wp-content\/uploads\/2025-01-21_ExkursionWewelsburg_2-230x172.jpg 230w\" sizes=\"auto, (max-width: 900px) 100vw, 900px\" \/><\/a><\/figure>\n\n\n\n<figure class=\"wp-block-image size-large\"><a href=\"https:\/\/goerdeler.lspb.de\/wordpress\/wp-content\/uploads\/2025-01-21_ExkursionWewelsburg_4.jpg\"><img loading=\"lazy\" decoding=\"async\" width=\"900\" height=\"675\" data-id=\"17032\" src=\"https:\/\/goerdeler.lspb.de\/wordpress\/wp-content\/uploads\/2025-01-21_ExkursionWewelsburg_4.jpg\" alt=\"\" class=\"wp-image-17032\" srcset=\"https:\/\/goerdeler.lspb.de\/wordpress\/wp-content\/uploads\/2025-01-21_ExkursionWewelsburg_4.jpg 900w, https:\/\/goerdeler.lspb.de\/wordpress\/wp-content\/uploads\/2025-01-21_ExkursionWewelsburg_4-300x225.jpg 300w, https:\/\/goerdeler.lspb.de\/wordpress\/wp-content\/uploads\/2025-01-21_ExkursionWewelsburg_4-768x576.jpg 768w, https:\/\/goerdeler.lspb.de\/wordpress\/wp-content\/uploads\/2025-01-21_ExkursionWewelsburg_4-585x440.jpg 585w, https:\/\/goerdeler.lspb.de\/wordpress\/wp-content\/uploads\/2025-01-21_ExkursionWewelsburg_4-230x172.jpg 230w\" sizes=\"auto, (max-width: 900px) 100vw, 900px\" \/><\/a><\/figure>\n\n\n\n<figure class=\"wp-block-image size-large\"><a href=\"https:\/\/goerdeler.lspb.de\/wordpress\/wp-content\/uploads\/2025-01-21_ExkursionWewelsburg_3.jpg\"><img loading=\"lazy\" decoding=\"async\" width=\"900\" height=\"675\" data-id=\"17031\" src=\"https:\/\/goerdeler.lspb.de\/wordpress\/wp-content\/uploads\/2025-01-21_ExkursionWewelsburg_3.jpg\" alt=\"\" class=\"wp-image-17031\" srcset=\"https:\/\/goerdeler.lspb.de\/wordpress\/wp-content\/uploads\/2025-01-21_ExkursionWewelsburg_3.jpg 900w, https:\/\/goerdeler.lspb.de\/wordpress\/wp-content\/uploads\/2025-01-21_ExkursionWewelsburg_3-300x225.jpg 300w, https:\/\/goerdeler.lspb.de\/wordpress\/wp-content\/uploads\/2025-01-21_ExkursionWewelsburg_3-768x576.jpg 768w, https:\/\/goerdeler.lspb.de\/wordpress\/wp-content\/uploads\/2025-01-21_ExkursionWewelsburg_3-585x440.jpg 585w, https:\/\/goerdeler.lspb.de\/wordpress\/wp-content\/uploads\/2025-01-21_ExkursionWewelsburg_3-230x172.jpg 230w\" sizes=\"auto, (max-width: 900px) 100vw, 900px\" \/><\/a><\/figure>\n<\/figure>\n\n\n\n<p><br><em>Von der Skizze zum professionellen Plakat<\/em><br>Nils Oskamp unterst\u00fctzte die Jugendlichen dabei, ihre Ideen zu visualisieren und gestalterisch zu optimieren. Aus den kreativen Entw\u00fcrfen der Sch\u00fcler: innen erstellte er acht professionelle Plakatskizzen, die anschlie\u00dfend in der Klasse zur Abstimmung gestellt wurden. Das Plakat mit den meisten Stimmen wird nun von Oskamp professionell bearbeitet und fertiggestellt.<br><br>Die Exkursion in die Wewelsburg war f\u00fcr alle Beteiligten ein pr\u00e4gendes Erlebnis. Die Sch\u00fcler: innen zeigten sich reflektiert und betonten, wie wichtig es sei, sich mit der Geschichte auseinanderzusetzen und aktiv gegen jede Form von Diskriminierung einzutreten. Besonders begeistert waren sie von der M\u00f6glichkeit, bei der Gestaltung des Plakats mitzuwirken und so selbst einen Beitrag zur Gestaltung einer offenen und toleranten Gesellschaft zu leisten.<\/p>\n\n\n\n<figure class=\"wp-block-image size-full\"><a href=\"https:\/\/goerdeler.lspb.de\/wordpress\/wp-content\/uploads\/2025-01-21_ExkursionWewelsburg_5.jpg\"><img loading=\"lazy\" decoding=\"async\" width=\"900\" height=\"620\" src=\"https:\/\/goerdeler.lspb.de\/wordpress\/wp-content\/uploads\/2025-01-21_ExkursionWewelsburg_5.jpg\" alt=\"\" class=\"wp-image-17033\" srcset=\"https:\/\/goerdeler.lspb.de\/wordpress\/wp-content\/uploads\/2025-01-21_ExkursionWewelsburg_5.jpg 900w, https:\/\/goerdeler.lspb.de\/wordpress\/wp-content\/uploads\/2025-01-21_ExkursionWewelsburg_5-300x207.jpg 300w, https:\/\/goerdeler.lspb.de\/wordpress\/wp-content\/uploads\/2025-01-21_ExkursionWewelsburg_5-768x529.jpg 768w\" sizes=\"auto, (max-width: 900px) 100vw, 900px\" \/><\/a><\/figure>\n\n\n\n<p class=\"has-text-align-right\"><em>Text\/Fotos:&nbsp; I. Offele<\/em><\/p>\n\n\n\n<p><\/p>\n","protected":false},"excerpt":{"rendered":"<p>Am 21.1. unternahmen die Sch\u00fcler:innen des PGL-Kurses der Jahrgangsstufe 9 eine lehrreiche Exkursion ins Kreismuseum Wewelsburg. Im Fokus stand die Sonderausstellung &#8222;Gedenkst\u00e4tten der NS-Verbrechen&#8220;, die mit rund 70 Fotografien von Maria Zarada einen ersch\u00fctternden Einblick in das Leben und Leiden der Menschen in den Konzentrationslagern Dachau, Sachsenhausen und Buchenwald gew\u00e4hrte.Die gro\u00dfformatigen Aufnahmen der Fotografin vermittelten [&hellip;]<\/p>\n","protected":false},"author":11,"featured_media":17029,"comment_status":"closed","ping_status":"closed","sticky":false,"template":"","format":"standard","meta":{"_themeisle_gutenberg_block_has_review":false,"footnotes":""},"categories":[140,1,199,207],"tags":[],"class_list":["post-17028","post","type-post","status-publish","format-standard","has-post-thumbnail","hentry","category-aktuelles","category-allgemein","category-geschichte","category-politik"],"_links":{"self":[{"href":"https:\/\/goerdeler.lspb.de\/wordpress\/wp-json\/wp\/v2\/posts\/17028","targetHints":{"allow":["GET"]}}],"collection":[{"href":"https:\/\/goerdeler.lspb.de\/wordpress\/wp-json\/wp\/v2\/posts"}],"about":[{"href":"https:\/\/goerdeler.lspb.de\/wordpress\/wp-json\/wp\/v2\/types\/post"}],"author":[{"embeddable":true,"href":"https:\/\/goerdeler.lspb.de\/wordpress\/wp-json\/wp\/v2\/users\/11"}],"replies":[{"embeddable":true,"href":"https:\/\/goerdeler.lspb.de\/wordpress\/wp-json\/wp\/v2\/comments?post=17028"}],"version-history":[{"count":4,"href":"https:\/\/goerdeler.lspb.de\/wordpress\/wp-json\/wp\/v2\/posts\/17028\/revisions"}],"predecessor-version":[{"id":17052,"href":"https:\/\/goerdeler.lspb.de\/wordpress\/wp-json\/wp\/v2\/posts\/17028\/revisions\/17052"}],"wp:featuredmedia":[{"embeddable":true,"href":"https:\/\/goerdeler.lspb.de\/wordpress\/wp-json\/wp\/v2\/media\/17029"}],"wp:attachment":[{"href":"https:\/\/goerdeler.lspb.de\/wordpress\/wp-json\/wp\/v2\/media?parent=17028"}],"wp:term":[{"taxonomy":"category","embeddable":true,"href":"https:\/\/goerdeler.lspb.de\/wordpress\/wp-json\/wp\/v2\/categories?post=17028"},{"taxonomy":"post_tag","embeddable":true,"href":"https:\/\/goerdeler.lspb.de\/wordpress\/wp-json\/wp\/v2\/tags?post=17028"}],"curies":[{"name":"wp","href":"https:\/\/api.w.org\/{rel}","templated":true}]}}