{"id":17197,"date":"2025-03-10T13:00:46","date_gmt":"2025-03-10T12:00:46","guid":{"rendered":"https:\/\/goerdeler.lspb.de\/wordpress\/?p=17197"},"modified":"2025-03-10T13:00:47","modified_gmt":"2025-03-10T12:00:47","slug":"streik-beim-padersprinter-kein-busverkehr-am-12-03","status":"publish","type":"post","link":"https:\/\/goerdeler.lspb.de\/wordpress\/streik-beim-padersprinter-kein-busverkehr-am-12-03\/","title":{"rendered":"Streik beim Padersprinter &#8211; Kein Busverkehr am 12.03."},"content":{"rendered":"\n<p>Am\u00a0<strong>Mittwoch, 12.03. 2025<\/strong>\u00a0<strong>stellt der Padersprinter sein komplettes Fahrtangebot ein.\u00a0<\/strong><\/p>\n\n\n\n<p>Wegen des Tarifkonflikts im \u00f6ffentlichen Dienst in NRW hat die Gewerkschaft Verdi erneut zu Warnstreiks im Nahverkehr aufgerufen. Von Mittwochmorgen (12.03.25, 4 Uhr) bis zum Donnerstagmorgen (13.03.25, 4 Uhr)\u00a0<strong>entfallen deshalb alle Padersprinter-Fahrten in Paderborn<\/strong>, wie das Verkehrsunternehmen am heutigen Montag mitteilte.\u00a0<br>Das schlie\u00dfe\u00a0<strong>auch die Fahrten des Sch\u00fclerverkehrs<\/strong>, die Anruf-Linien-Fahrten (ALF) und den Nachtbusverkehr ein.\u00a0<br>Ebenso seien im Streikzeitraum die Verwaltung an der Barkhauser Stra\u00dfe und das Kundencenter an der Westernmauer 18 nicht erreichbar.<br><br>\u201eEin Streik wie dieser geh\u00f6rt zu den F\u00e4llen, bei denen die Mobilit\u00e4tsgarantie NRW nicht greift\u201c, f\u00fchrte der Padersprinter aus, der \u201ef\u00fcr alle Unannehmlichkeiten, die den Fahrg\u00e4sten entstehen\u201c um Entschuldigung bittet.<br><br>Wir bitten alle Eltern unserer Fahrsch\u00fcler:innen, den Schulweg am Mittwoch selbstst\u00e4ndig anders zu organisieren.<\/p>\n","protected":false},"excerpt":{"rendered":"<p>Am\u00a0Mittwoch, 12.03. 2025\u00a0stellt der Padersprinter sein komplettes Fahrtangebot ein.\u00a0 Wegen des Tarifkonflikts im \u00f6ffentlichen Dienst in NRW hat die Gewerkschaft Verdi erneut zu Warnstreiks im Nahverkehr aufgerufen. Von Mittwochmorgen (12.03.25, 4 Uhr) bis zum Donnerstagmorgen (13.03.25, 4 Uhr)\u00a0entfallen deshalb alle Padersprinter-Fahrten in Paderborn, wie das Verkehrsunternehmen am heutigen Montag mitteilte.\u00a0Das schlie\u00dfe\u00a0auch die Fahrten des Sch\u00fclerverkehrs, [&hellip;]<\/p>\n","protected":false},"author":14,"featured_media":17127,"comment_status":"closed","ping_status":"closed","sticky":false,"template":"","format":"standard","meta":{"_themeisle_gutenberg_block_has_review":false,"footnotes":""},"categories":[140,1],"tags":[],"class_list":["post-17197","post","type-post","status-publish","format-standard","has-post-thumbnail","hentry","category-aktuelles","category-allgemein"],"_links":{"self":[{"href":"https:\/\/goerdeler.lspb.de\/wordpress\/wp-json\/wp\/v2\/posts\/17197","targetHints":{"allow":["GET"]}}],"collection":[{"href":"https:\/\/goerdeler.lspb.de\/wordpress\/wp-json\/wp\/v2\/posts"}],"about":[{"href":"https:\/\/goerdeler.lspb.de\/wordpress\/wp-json\/wp\/v2\/types\/post"}],"author":[{"embeddable":true,"href":"https:\/\/goerdeler.lspb.de\/wordpress\/wp-json\/wp\/v2\/users\/14"}],"replies":[{"embeddable":true,"href":"https:\/\/goerdeler.lspb.de\/wordpress\/wp-json\/wp\/v2\/comments?post=17197"}],"version-history":[{"count":1,"href":"https:\/\/goerdeler.lspb.de\/wordpress\/wp-json\/wp\/v2\/posts\/17197\/revisions"}],"predecessor-version":[{"id":17198,"href":"https:\/\/goerdeler.lspb.de\/wordpress\/wp-json\/wp\/v2\/posts\/17197\/revisions\/17198"}],"wp:featuredmedia":[{"embeddable":true,"href":"https:\/\/goerdeler.lspb.de\/wordpress\/wp-json\/wp\/v2\/media\/17127"}],"wp:attachment":[{"href":"https:\/\/goerdeler.lspb.de\/wordpress\/wp-json\/wp\/v2\/media?parent=17197"}],"wp:term":[{"taxonomy":"category","embeddable":true,"href":"https:\/\/goerdeler.lspb.de\/wordpress\/wp-json\/wp\/v2\/categories?post=17197"},{"taxonomy":"post_tag","embeddable":true,"href":"https:\/\/goerdeler.lspb.de\/wordpress\/wp-json\/wp\/v2\/tags?post=17197"}],"curies":[{"name":"wp","href":"https:\/\/api.w.org\/{rel}","templated":true}]}}