{"id":19554,"date":"2026-04-29T07:49:36","date_gmt":"2026-04-29T05:49:36","guid":{"rendered":"https:\/\/goerdeler.lspb.de\/wordpress\/?p=19554"},"modified":"2026-04-29T07:49:38","modified_gmt":"2026-04-29T05:49:38","slug":"exkursion-zum-welttag-des-buches-in-jahrgang-5","status":"publish","type":"post","link":"https:\/\/goerdeler.lspb.de\/wordpress\/exkursion-zum-welttag-des-buches-in-jahrgang-5\/","title":{"rendered":"Exkursion zum \u201eWelttag des Buches\u201c in\u00a0Jahrgang 5"},"content":{"rendered":"\n<p>Zum diesj\u00e4hrigen Welttag des Buches besuchten alle f\u00fcnften Klassen im Rahmen des Deutschunterrichts die Buchhandlung Thalia in Paderborn. Nach dem&nbsp;Spaziergang vom Goerdeler durch das&nbsp;Riemekeviertel&nbsp;bis&nbsp;zum Marienplatz&nbsp;begr\u00fc\u00dfte Buchh\u00e4ndlerin&nbsp;Katrin&nbsp;Lind ihre G\u00e4ste und entf\u00fchrte die&nbsp;Sch\u00fcler:innen&nbsp;in die Welt der B\u00fccher. Sie stellte die Buchhandlung bei einer kleinen F\u00fchrung vor und erkl\u00e4rte viele Aspekte rund um die Arbeit mit B\u00fcchern.&nbsp;&nbsp;<br>Nun kennen&nbsp;unsere&nbsp;F\u00fcnftkl\u00e4ssler:innen&nbsp;etwa&nbsp;den&nbsp;Bestellprozess,die&nbsp;Arbeit der Buchgro\u00dfh\u00e4ndler,&nbsp;die&nbsp;Kategorien, nach denen die B\u00fccher in der Buchhandlung sortiert werden&nbsp;und&nbsp;was die ISBN-Nummern der B\u00fccher verraten.&nbsp;<br>Schlie\u00dflich stellte&nbsp;Frau Lind&nbsp;noch&nbsp;einige&nbsp;neue&nbsp;Jugendb\u00fccher&nbsp;vor, bevor es am Ende hie\u00df:&nbsp;\u201eIch schenk dir eine Geschichte!\u201c&nbsp;&nbsp;<br>Alle&nbsp;erhielten&nbsp;als Geschenk&nbsp;ein Exemplar&nbsp;des diesj\u00e4hrigen Comic-Romans&nbsp;zum&nbsp;<a href=\"https:\/\/www.welttag-des-buches.de\/\" target=\"_blank\" rel=\"noreferrer noopener\">Welttag des Buches<\/a>&nbsp;mit dem&nbsp;Titel \u201eDer fliegende&nbsp;Klassenscooter&nbsp;\u201c.&nbsp;Der Roman&nbsp;handelt von Lisa, Orhan und Dennis, die versehentlich in die Zukunft reisen. Das diesj\u00e4hrige Welttag-Buch zeigt, wie Freundschaft, Zusammenhalt und Zusammenarbeit den Unterschied machen: Herausforderungen lassen sich meistern, wenn unterschiedliche Perspektiven und St\u00e4rken zusammenkommen.&nbsp;<br>Beim anschlie\u00dfenden St\u00f6bern gingen die M\u00e4dchen und Jungen noch auf individuelle Entdeckungstour und&nbsp;erhielten&nbsp;weitere Leseanregungen.&nbsp;&nbsp;<\/p>\n\n\n\n<figure class=\"wp-block-gallery has-nested-images columns-default is-cropped wp-block-gallery-1 is-layout-flex wp-block-gallery-is-layout-flex\">\n<figure class=\"wp-block-image size-large\"><a href=\"https:\/\/goerdeler.lspb.de\/wordpress\/wp-content\/uploads\/02-16.jpg\"><img loading=\"lazy\" decoding=\"async\" width=\"900\" height=\"675\" data-id=\"19556\" src=\"https:\/\/goerdeler.lspb.de\/wordpress\/wp-content\/uploads\/02-16.jpg\" alt=\"\" class=\"wp-image-19556\" srcset=\"https:\/\/goerdeler.lspb.de\/wordpress\/wp-content\/uploads\/02-16.jpg 900w, https:\/\/goerdeler.lspb.de\/wordpress\/wp-content\/uploads\/02-16-300x225.jpg 300w, https:\/\/goerdeler.lspb.de\/wordpress\/wp-content\/uploads\/02-16-768x576.jpg 768w, https:\/\/goerdeler.lspb.de\/wordpress\/wp-content\/uploads\/02-16-585x440.jpg 585w, https:\/\/goerdeler.lspb.de\/wordpress\/wp-content\/uploads\/02-16-230x172.jpg 230w\" sizes=\"auto, (max-width: 900px) 100vw, 900px\" \/><\/a><\/figure>\n\n\n\n<figure class=\"wp-block-image size-large\"><a href=\"https:\/\/goerdeler.lspb.de\/wordpress\/wp-content\/uploads\/03-15.jpg\"><img loading=\"lazy\" decoding=\"async\" width=\"900\" height=\"678\" data-id=\"19557\" src=\"https:\/\/goerdeler.lspb.de\/wordpress\/wp-content\/uploads\/03-15.jpg\" alt=\"\" class=\"wp-image-19557\" srcset=\"https:\/\/goerdeler.lspb.de\/wordpress\/wp-content\/uploads\/03-15.jpg 900w, https:\/\/goerdeler.lspb.de\/wordpress\/wp-content\/uploads\/03-15-300x226.jpg 300w, https:\/\/goerdeler.lspb.de\/wordpress\/wp-content\/uploads\/03-15-768x579.jpg 768w, https:\/\/goerdeler.lspb.de\/wordpress\/wp-content\/uploads\/03-15-585x440.jpg 585w, https:\/\/goerdeler.lspb.de\/wordpress\/wp-content\/uploads\/03-15-230x172.jpg 230w\" sizes=\"auto, (max-width: 900px) 100vw, 900px\" \/><\/a><\/figure>\n\n\n\n<figure class=\"wp-block-image size-large\"><a href=\"https:\/\/goerdeler.lspb.de\/wordpress\/wp-content\/uploads\/04-15.jpg\"><img loading=\"lazy\" decoding=\"async\" width=\"900\" height=\"678\" data-id=\"19558\" src=\"https:\/\/goerdeler.lspb.de\/wordpress\/wp-content\/uploads\/04-15.jpg\" alt=\"\" class=\"wp-image-19558\" srcset=\"https:\/\/goerdeler.lspb.de\/wordpress\/wp-content\/uploads\/04-15.jpg 900w, https:\/\/goerdeler.lspb.de\/wordpress\/wp-content\/uploads\/04-15-300x226.jpg 300w, https:\/\/goerdeler.lspb.de\/wordpress\/wp-content\/uploads\/04-15-768x579.jpg 768w, https:\/\/goerdeler.lspb.de\/wordpress\/wp-content\/uploads\/04-15-585x440.jpg 585w, https:\/\/goerdeler.lspb.de\/wordpress\/wp-content\/uploads\/04-15-230x172.jpg 230w\" sizes=\"auto, (max-width: 900px) 100vw, 900px\" \/><\/a><\/figure>\n<\/figure>\n\n\n\n<div style=\"height:31px\" aria-hidden=\"true\" class=\"wp-block-spacer\"><\/div>\n\n\n\n<p class=\"has-text-align-right\"><em>Text\/Fotos: N. Lamberty-Freckmann<\/em>&nbsp;<br>&nbsp;<br>&nbsp;<\/p>\n\n\n\n<p>Hintergrund:&nbsp;&nbsp;<br>Seit 1996 wird der \u201eWelttag des Buches\u201c am 23. April in Deutschland gefeiert. Rund um diesen Tag erhalten rund&nbsp;eine Millionen&nbsp;Sch\u00fclerinnen und Sch\u00fcler das&nbsp;Welttagsbuch&nbsp;\u201eIch schenk dir eine Geschichte\u201c. Die Buch-Gutschein-Aktion ist eine deutschlandweite Kampagne zur&nbsp;<strong>Lesef\u00f6rderung<\/strong>. Mit dem&nbsp;Welttagsbuch&nbsp;soll den Kindern der 4. und 5. Klassen bundesweit die Freude am Lesen vermittelt werden.&nbsp;<\/p>\n\n\n\n<p>Alle f\u00fcnften Klassen des Goerdeler-Gymnasiums nehmen im Rahmen der Leseerziehung regelm\u00e4\u00dfig an Aktionen zum Welttag des Buches teil und verbinden dies gerne mit einem Besuch in einer Buchhandlung oder Bibliothek.&nbsp;<\/p>\n","protected":false},"excerpt":{"rendered":"<p>Zum diesj\u00e4hrigen Welttag des Buches besuchten alle f\u00fcnften Klassen im Rahmen des Deutschunterrichts die Buchhandlung Thalia in Paderborn. Nach dem&nbsp;Spaziergang vom Goerdeler durch das&nbsp;Riemekeviertel&nbsp;bis&nbsp;zum Marienplatz&nbsp;begr\u00fc\u00dfte Buchh\u00e4ndlerin&nbsp;Katrin&nbsp;Lind ihre G\u00e4ste und entf\u00fchrte die&nbsp;Sch\u00fcler:innen&nbsp;in die Welt der B\u00fccher. Sie stellte die Buchhandlung bei einer kleinen F\u00fchrung vor und erkl\u00e4rte viele Aspekte rund um die Arbeit mit B\u00fcchern.&nbsp;&nbsp;Nun kennen&nbsp;unsere&nbsp;F\u00fcnftkl\u00e4ssler:innen&nbsp;etwa&nbsp;den&nbsp;Bestellprozess,die&nbsp;Arbeit [&hellip;]<\/p>\n","protected":false},"author":11,"featured_media":19555,"comment_status":"closed","ping_status":"closed","sticky":false,"template":"","format":"standard","meta":{"_themeisle_gutenberg_block_has_review":false,"footnotes":""},"categories":[140,196],"tags":[],"class_list":["post-19554","post","type-post","status-publish","format-standard","has-post-thumbnail","hentry","category-aktuelles","category-deutsch"],"_links":{"self":[{"href":"https:\/\/goerdeler.lspb.de\/wordpress\/wp-json\/wp\/v2\/posts\/19554","targetHints":{"allow":["GET"]}}],"collection":[{"href":"https:\/\/goerdeler.lspb.de\/wordpress\/wp-json\/wp\/v2\/posts"}],"about":[{"href":"https:\/\/goerdeler.lspb.de\/wordpress\/wp-json\/wp\/v2\/types\/post"}],"author":[{"embeddable":true,"href":"https:\/\/goerdeler.lspb.de\/wordpress\/wp-json\/wp\/v2\/users\/11"}],"replies":[{"embeddable":true,"href":"https:\/\/goerdeler.lspb.de\/wordpress\/wp-json\/wp\/v2\/comments?post=19554"}],"version-history":[{"count":1,"href":"https:\/\/goerdeler.lspb.de\/wordpress\/wp-json\/wp\/v2\/posts\/19554\/revisions"}],"predecessor-version":[{"id":19559,"href":"https:\/\/goerdeler.lspb.de\/wordpress\/wp-json\/wp\/v2\/posts\/19554\/revisions\/19559"}],"wp:featuredmedia":[{"embeddable":true,"href":"https:\/\/goerdeler.lspb.de\/wordpress\/wp-json\/wp\/v2\/media\/19555"}],"wp:attachment":[{"href":"https:\/\/goerdeler.lspb.de\/wordpress\/wp-json\/wp\/v2\/media?parent=19554"}],"wp:term":[{"taxonomy":"category","embeddable":true,"href":"https:\/\/goerdeler.lspb.de\/wordpress\/wp-json\/wp\/v2\/categories?post=19554"},{"taxonomy":"post_tag","embeddable":true,"href":"https:\/\/goerdeler.lspb.de\/wordpress\/wp-json\/wp\/v2\/tags?post=19554"}],"curies":[{"name":"wp","href":"https:\/\/api.w.org\/{rel}","templated":true}]}}