{"id":20215,"date":"2026-09-03T08:44:08","date_gmt":"2026-09-03T06:44:08","guid":{"rendered":"https:\/\/goerdeler.lspb.de\/wordpress\/?p=20215"},"modified":"2026-09-03T08:44:09","modified_gmt":"2026-09-03T06:44:09","slug":"herzlich-willkommen-fuer-die-neue-astronauten-crew","status":"publish","type":"post","link":"https:\/\/goerdeler.lspb.de\/wordpress\/herzlich-willkommen-fuer-die-neue-astronauten-crew\/","title":{"rendered":"Herzlich willkommen\u00a0f\u00fcr die neue \u201eAstronauten-Crew\u201c\u00a0"},"content":{"rendered":"\n<p class=\"wp-block-paragraph\">120\u00a0F\u00fcnftkl\u00e4ssler:innen\u00a0durften\u00a0wir zu Schuljahresbeginn am Mittwoch, den\u00a002.\u00a0September\u00a0freudig willkommen hei\u00dfen. Mit einer Einschulungsfeier\u00a0im benachbarten Johanneszentrum\u00a0und der Aula wurden die Neuzug\u00e4nge zusammen mit ihren Familien herzlich empfangen.\u00a0<br>\u00a0<br>Der erste Schultag begann mit einem Wortgottesdienst. Unter dem Motto\u00a0<strong>\u201eEcht stark \u2013 Achtsam unterwegs\u201c<\/strong>\u00a0der Evangelischen Kirche von Westfalen hatten die\u00a0Sch\u00fcler:innen\u202fder Klasse 6a den Gottesdienst vorbereitet. Gemeinsam mit Gemeindereferentin Marie-Simone Scholz von der Laurentiusgemeinde und Pastorin Daniela Walter von der Johannesgemeinde machten sie den neuen\u00a0F\u00fcnftkl\u00e4ssler:innen\u202fMut f\u00fcr ihren Start an der neuen Schule. Sie\u00a0gaben ihnen Gedanken\u00a0aus der\u00a0Davidsgeschichte\u00a0und der\u00a0Graphic\u00a0Novel\u00a0\u201eKein Stress, Jim\u201c sowie\u00a0W\u00fcnsche\u00a0und Segen\u00a0f\u00fcr ihren weiteren Weg mit.\u202f\u00a0<\/p>\n\n\n\n<figure class=\"wp-block-gallery has-nested-images columns-default is-cropped wp-block-gallery-1 is-layout-flex wp-block-gallery-is-layout-flex\">\n<figure class=\"wp-block-image size-large\"><a href=\"https:\/\/goerdeler.lspb.de\/wordpress\/wp-content\/uploads\/02-32.jpg\"><img loading=\"lazy\" decoding=\"async\" width=\"900\" height=\"675\" data-id=\"20217\" src=\"https:\/\/goerdeler.lspb.de\/wordpress\/wp-content\/uploads\/02-32.jpg\" alt=\"\" class=\"wp-image-20217\" srcset=\"https:\/\/goerdeler.lspb.de\/wordpress\/wp-content\/uploads\/02-32.jpg 900w, https:\/\/goerdeler.lspb.de\/wordpress\/wp-content\/uploads\/02-32-300x225.jpg 300w, https:\/\/goerdeler.lspb.de\/wordpress\/wp-content\/uploads\/02-32-768x576.jpg 768w, https:\/\/goerdeler.lspb.de\/wordpress\/wp-content\/uploads\/02-32-585x440.jpg 585w, https:\/\/goerdeler.lspb.de\/wordpress\/wp-content\/uploads\/02-32-230x172.jpg 230w\" sizes=\"auto, (max-width: 900px) 100vw, 900px\" \/><\/a><\/figure>\n\n\n\n<figure class=\"wp-block-image size-large\"><a href=\"https:\/\/goerdeler.lspb.de\/wordpress\/wp-content\/uploads\/03-31.jpg\"><img loading=\"lazy\" decoding=\"async\" width=\"1024\" height=\"768\" data-id=\"20218\" src=\"https:\/\/goerdeler.lspb.de\/wordpress\/wp-content\/uploads\/03-31-1024x768.jpg\" alt=\"\" class=\"wp-image-20218\" srcset=\"https:\/\/goerdeler.lspb.de\/wordpress\/wp-content\/uploads\/03-31-1024x768.jpg 1024w, https:\/\/goerdeler.lspb.de\/wordpress\/wp-content\/uploads\/03-31-300x225.jpg 300w, https:\/\/goerdeler.lspb.de\/wordpress\/wp-content\/uploads\/03-31-768x576.jpg 768w, https:\/\/goerdeler.lspb.de\/wordpress\/wp-content\/uploads\/03-31-585x440.jpg 585w, https:\/\/goerdeler.lspb.de\/wordpress\/wp-content\/uploads\/03-31-230x172.jpg 230w, https:\/\/goerdeler.lspb.de\/wordpress\/wp-content\/uploads\/03-31.jpg 1041w\" sizes=\"auto, (max-width: 1024px) 100vw, 1024px\" \/><\/a><\/figure>\n\n\n\n<figure class=\"wp-block-image size-large\"><a href=\"https:\/\/goerdeler.lspb.de\/wordpress\/wp-content\/uploads\/04-29.jpg\"><img loading=\"lazy\" decoding=\"async\" width=\"900\" height=\"675\" data-id=\"20219\" src=\"https:\/\/goerdeler.lspb.de\/wordpress\/wp-content\/uploads\/04-29.jpg\" alt=\"\" class=\"wp-image-20219\" srcset=\"https:\/\/goerdeler.lspb.de\/wordpress\/wp-content\/uploads\/04-29.jpg 900w, https:\/\/goerdeler.lspb.de\/wordpress\/wp-content\/uploads\/04-29-300x225.jpg 300w, https:\/\/goerdeler.lspb.de\/wordpress\/wp-content\/uploads\/04-29-768x576.jpg 768w, https:\/\/goerdeler.lspb.de\/wordpress\/wp-content\/uploads\/04-29-585x440.jpg 585w, https:\/\/goerdeler.lspb.de\/wordpress\/wp-content\/uploads\/04-29-230x172.jpg 230w\" sizes=\"auto, (max-width: 900px) 100vw, 900px\" \/><\/a><\/figure>\n<\/figure>\n\n\n\n<div style=\"height:39px\" aria-hidden=\"true\" class=\"wp-block-spacer\"><\/div>\n\n\n\n<p class=\"wp-block-paragraph\">Im Anschluss an den Gottesdienst sorgte die Bl\u00e4serklasse 6b f\u00fcr einen fr\u00f6hlichen und schwungvollen Empfang in der Aula. Das Schulleitungsteam hie\u00df die neuen\u00a0Sch\u00fcler:innen\u202f<strong>\u201eherzlich willkommen auf der Reise ins Weltall\u201c<\/strong>\u202fund nahm\u00a0die neue \u201eAstronauten-Crew\u201c\u00a0mit auf eine gedankliche Weltraumexpedition: In den kommenden Jahren werden sie immer wieder neue Planeten entdecken \u2013 Unterrichtsf\u00e4cher, R\u00e4ume, verschiedene Menschen. Auf ihrer Reise gibt es allerhand zu entdecken und viele spannende Abenteuer zu erleben. Und auch wenn eine Etappe einmal schwierig wird, sind die\u00a0F\u00fcnftkl\u00e4ssler:innen\u202fnicht allein: Ein starkes Team aus\u00a0Mitsch\u00fcler:innen, Lehrpersonen und ihre Eltern stehen ihnen zur Seite und helfen ihnen dabei, Herausforderungen zu meistern. Damit die neuen\u00a0Astronaut:innen\u202f f\u00fcr ihre Reise gut ger\u00fcstet sind, wurden sie direkt in die Rede einbezogen und zu einem\u00a0Austronautentraining\u00a0mit drei \u00dcbungen eingeladen:\u202f<strong>Schwerelosigkeit erleben, den Astronautenhelmcheck und nach den Sternen greifen.<\/strong>\u202fMit passenden K\u00f6rper\u00fcbungen ahmten die\u00a0Sch\u00fcler:innen\u202fdie jeweiligen Situationen nach und so wurde der Start der Weltraumreise praktisch erlebbar.\u202f\u00a0<\/p>\n\n\n\n<figure class=\"wp-block-gallery has-nested-images columns-default is-cropped wp-block-gallery-2 is-layout-flex wp-block-gallery-is-layout-flex\">\n<figure class=\"wp-block-image size-large\"><a href=\"https:\/\/goerdeler.lspb.de\/wordpress\/wp-content\/uploads\/05-30.jpg\"><img loading=\"lazy\" decoding=\"async\" width=\"864\" height=\"648\" data-id=\"20220\" src=\"https:\/\/goerdeler.lspb.de\/wordpress\/wp-content\/uploads\/05-30.jpg\" alt=\"\" class=\"wp-image-20220\" srcset=\"https:\/\/goerdeler.lspb.de\/wordpress\/wp-content\/uploads\/05-30.jpg 864w, https:\/\/goerdeler.lspb.de\/wordpress\/wp-content\/uploads\/05-30-300x225.jpg 300w, https:\/\/goerdeler.lspb.de\/wordpress\/wp-content\/uploads\/05-30-768x576.jpg 768w, https:\/\/goerdeler.lspb.de\/wordpress\/wp-content\/uploads\/05-30-585x440.jpg 585w, https:\/\/goerdeler.lspb.de\/wordpress\/wp-content\/uploads\/05-30-230x172.jpg 230w\" sizes=\"auto, (max-width: 864px) 100vw, 864px\" \/><\/a><\/figure>\n\n\n\n<figure class=\"wp-block-image size-large\"><a href=\"https:\/\/goerdeler.lspb.de\/wordpress\/wp-content\/uploads\/06-26.jpg\"><img loading=\"lazy\" decoding=\"async\" width=\"864\" height=\"648\" data-id=\"20221\" src=\"https:\/\/goerdeler.lspb.de\/wordpress\/wp-content\/uploads\/06-26.jpg\" alt=\"\" class=\"wp-image-20221\" srcset=\"https:\/\/goerdeler.lspb.de\/wordpress\/wp-content\/uploads\/06-26.jpg 864w, https:\/\/goerdeler.lspb.de\/wordpress\/wp-content\/uploads\/06-26-300x225.jpg 300w, https:\/\/goerdeler.lspb.de\/wordpress\/wp-content\/uploads\/06-26-768x576.jpg 768w, https:\/\/goerdeler.lspb.de\/wordpress\/wp-content\/uploads\/06-26-585x440.jpg 585w, https:\/\/goerdeler.lspb.de\/wordpress\/wp-content\/uploads\/06-26-230x172.jpg 230w\" sizes=\"auto, (max-width: 864px) 100vw, 864px\" \/><\/a><\/figure>\n\n\n\n<figure class=\"wp-block-image size-large\"><a href=\"https:\/\/goerdeler.lspb.de\/wordpress\/wp-content\/uploads\/07-26.jpg\"><img loading=\"lazy\" decoding=\"async\" width=\"864\" height=\"648\" data-id=\"20222\" src=\"https:\/\/goerdeler.lspb.de\/wordpress\/wp-content\/uploads\/07-26.jpg\" alt=\"\" class=\"wp-image-20222\" srcset=\"https:\/\/goerdeler.lspb.de\/wordpress\/wp-content\/uploads\/07-26.jpg 864w, https:\/\/goerdeler.lspb.de\/wordpress\/wp-content\/uploads\/07-26-300x225.jpg 300w, https:\/\/goerdeler.lspb.de\/wordpress\/wp-content\/uploads\/07-26-768x576.jpg 768w, https:\/\/goerdeler.lspb.de\/wordpress\/wp-content\/uploads\/07-26-585x440.jpg 585w, https:\/\/goerdeler.lspb.de\/wordpress\/wp-content\/uploads\/07-26-230x172.jpg 230w\" sizes=\"auto, (max-width: 864px) 100vw, 864px\" \/><\/a><\/figure>\n<\/figure>\n\n\n\n<div style=\"height:39px\" aria-hidden=\"true\" class=\"wp-block-spacer\"><\/div>\n\n\n\n<p class=\"wp-block-paragraph\">Anschlie\u00dfend wurden die\u00a0Sch\u00fcler:innen, die ihre Klassen und Klassenleitungen bereits beim Schnuppernachmittag vor den Sommerferien kennengelernt hatten, nach vorne gebeten und fanden sich dort zu ihren vier neuen Klassen 5a, 5b, 5c und 5d zusammen. Mit einem kleinen Willkommensgeschenk ging es danach gemeinsam in die neuen Klassenr\u00e4ume.\u202f\u00a0<\/p>\n\n\n\n<p class=\"wp-block-paragraph\">Dort stand zun\u00e4chst das gegenseitige Kennenlernen im Mittelpunkt. In ihrer ersten Unterrichtsstunde am Goerdeler erhielten die&nbsp;Sch\u00fcler:innen\u202fau\u00dferdem wichtige Informationen f\u00fcr den Schulstart und bekamen Materialien ausgeteilt. W\u00e4hrend die Kinder ihre ersten Eindr\u00fccke vom neuen Schulalltag sammelten, nutzten die Eltern bei Kaffee in der Mensa die Gelegenheit zum Austausch.&nbsp;<br>&nbsp;<br>In den ersten Tagen werden die Klassenleitungsteams ihre neuen Klassen besonders intensiv&nbsp;begleiten. Neben dem Kennenlernen und der Orientierung an der neuen Schule erhalten auch das methodische und soziale Lernen viel Raum.\u202f\u202f&nbsp;<\/p>\n\n\n\n<p class=\"wp-block-paragraph\">Wir w\u00fcnschen unseren neuen&nbsp;F\u00fcnftkl\u00e4ssler:innen\u202f\u202feinen guten Start, viele spannende Entdeckungen und eine erfolgreiche Reise durch ihre Schulzeit am Goerdeler. Sch\u00f6n, dass ihr da seid!\u202f&nbsp;<\/p>\n\n\n\n<p class=\"has-text-align-right wp-block-paragraph\">&nbsp;<br><em>Text&nbsp;und Fotos: I. Lehnert \/ N.&nbsp;Lamberty-Freckmann<\/em>&nbsp;&nbsp;<br>&nbsp;<br>&nbsp;<\/p>\n","protected":false},"excerpt":{"rendered":"<p>120\u00a0F\u00fcnftkl\u00e4ssler:innen\u00a0durften\u00a0wir zu Schuljahresbeginn am Mittwoch, den\u00a002.\u00a0September\u00a0freudig willkommen hei\u00dfen. Mit einer Einschulungsfeier\u00a0im benachbarten Johanneszentrum\u00a0und der Aula wurden die Neuzug\u00e4nge zusammen mit ihren Familien herzlich empfangen.\u00a0\u00a0Der erste Schultag begann mit einem Wortgottesdienst. Unter dem Motto\u00a0\u201eEcht stark \u2013 Achtsam unterwegs\u201c\u00a0der Evangelischen Kirche von Westfalen hatten die\u00a0Sch\u00fcler:innen\u202fder Klasse 6a den Gottesdienst vorbereitet. Gemeinsam mit Gemeindereferentin Marie-Simone Scholz von der [&hellip;]<\/p>\n","protected":false},"author":11,"featured_media":20216,"comment_status":"closed","ping_status":"closed","sticky":false,"template":"","format":"standard","meta":{"_themeisle_gutenberg_block_has_review":false,"footnotes":""},"categories":[140,1],"tags":[],"class_list":["post-20215","post","type-post","status-publish","format-standard","has-post-thumbnail","hentry","category-aktuelles","category-allgemein"],"_links":{"self":[{"href":"https:\/\/goerdeler.lspb.de\/wordpress\/wp-json\/wp\/v2\/posts\/20215","targetHints":{"allow":["GET"]}}],"collection":[{"href":"https:\/\/goerdeler.lspb.de\/wordpress\/wp-json\/wp\/v2\/posts"}],"about":[{"href":"https:\/\/goerdeler.lspb.de\/wordpress\/wp-json\/wp\/v2\/types\/post"}],"author":[{"embeddable":true,"href":"https:\/\/goerdeler.lspb.de\/wordpress\/wp-json\/wp\/v2\/users\/11"}],"replies":[{"embeddable":true,"href":"https:\/\/goerdeler.lspb.de\/wordpress\/wp-json\/wp\/v2\/comments?post=20215"}],"version-history":[{"count":1,"href":"https:\/\/goerdeler.lspb.de\/wordpress\/wp-json\/wp\/v2\/posts\/20215\/revisions"}],"predecessor-version":[{"id":20223,"href":"https:\/\/goerdeler.lspb.de\/wordpress\/wp-json\/wp\/v2\/posts\/20215\/revisions\/20223"}],"wp:featuredmedia":[{"embeddable":true,"href":"https:\/\/goerdeler.lspb.de\/wordpress\/wp-json\/wp\/v2\/media\/20216"}],"wp:attachment":[{"href":"https:\/\/goerdeler.lspb.de\/wordpress\/wp-json\/wp\/v2\/media?parent=20215"}],"wp:term":[{"taxonomy":"category","embeddable":true,"href":"https:\/\/goerdeler.lspb.de\/wordpress\/wp-json\/wp\/v2\/categories?post=20215"},{"taxonomy":"post_tag","embeddable":true,"href":"https:\/\/goerdeler.lspb.de\/wordpress\/wp-json\/wp\/v2\/tags?post=20215"}],"curies":[{"name":"wp","href":"https:\/\/api.w.org\/{rel}","templated":true}]}}