{"id":5890,"date":"2015-12-13T11:46:28","date_gmt":"2015-12-13T10:46:28","guid":{"rendered":"http:\/\/goerdeler.lspb.de\/wordpress\/?p=5890"},"modified":"2016-03-17T11:50:56","modified_gmt":"2016-03-17T10:50:56","slug":"regionalrunde-der-mathe-olympiade-201516","status":"publish","type":"post","link":"https:\/\/goerdeler.lspb.de\/wordpress\/regionalrunde-der-mathe-olympiade-201516\/","title":{"rendered":"Regionalrunde der Mathe-Olympiade 2015\/16"},"content":{"rendered":"<h1>Anspruchsvolle Mathematik<\/h1>\n<p>Auch in diesem Jahr nimmt unsere Schule an der Mathematik-Olympiade teil, die im Schuljahr 2015\/16 zum 55. Mal ausgetragen wird. Sowohl auf Schul- als auch auf Regionalebene erreichten Goerdeler-Sch\u00fcler sehr gute Erfolge.<\/p>\n<p>Nach der Qualifizierung auf der Schulebene des Wettbewerbs starteten sechs Goerdeler-Teilnehmer in der Regionalrunde. An einem Samstagvormittag Ende November haben sich 80 Sch\u00fclerinnen und Sch\u00fcler des Landkreises Paderborn in einem Klausurenwettbewerb mit sehr anspruchsvollen, weit \u00fcber den mathematischen Schulstoff hinausgehenden Aufgaben auseinandergesetzt.Zwei unserer Sch\u00fcler belegten dabei in ihrer Jahrgangsstufe jeweils den ersten Platz. F\u00fcr einen von ihnen gehen die mathematischen Herausforderungen nun noch weiter: Als einer von sechs Teilnehmern erreichte <strong>Luis Glahn<\/strong> (Klasse 9a) herausragende Ergebnisse und qualifizierte sich f\u00fcr den Landeswettbewerb der Mathematik-Olympiade.<\/p>\n<p>Das Bild zeigt die erfolgreichen Teilnehmer der Regionalrunde: Luis Glahn (1. Platz und Qualifizierung f\u00fcr den Landeswettbewerb) und Leonard Uscinowicz (1. Platz, hinten v. links) sowie Linus Berg, Evelyn Lehmann, Vladislava Golman und Marko Hoffmann (vorne v. links).<\/p>\n<p>Und hier sind die Platzierungen aller Sch\u00fclerinnen und Sch\u00fcler unserer Schule, die an der 2. Runde teilgenommen hatten. Und auch diese Platzierungen k\u00f6nnen sich sehen lassen.<\/p>\n<p>&nbsp;<\/p>\n<table>\n<tbody>\n<tr>\n<td colspan=\"3\" width=\"591\">\n<h4>Klasse 5 (35 Teilnehmer)<\/h4>\n<\/td>\n<\/tr>\n<tr>\n<td width=\"256\">8. Platz (22 Punkte)<\/td>\n<td width=\"256\">Marko Hoffmann<\/td>\n<td width=\"79\">5b<\/td>\n<\/tr>\n<tr>\n<td width=\"256\">12. Platz (19 Punkte)<\/td>\n<td width=\"256\">Vladislava Golman<\/td>\n<td width=\"79\">5a<\/td>\n<\/tr>\n<tr>\n<td width=\"256\">17. Platz (17 Punkte)<\/td>\n<td width=\"256\">Linus Berg<\/td>\n<td width=\"79\">5b<\/td>\n<\/tr>\n<tr>\n<td width=\"256\">34. Platz (5 Punkte)<\/td>\n<td width=\"256\">Evelyn Lehmann<\/td>\n<td width=\"79\">5a<\/td>\n<\/tr>\n<\/tbody>\n<\/table>\n<table>\n<tbody>\n<tr>\n<td colspan=\"3\" width=\"591\">\n<h4>Klasse 8 (4 Teilnehmer)<\/h4>\n<\/td>\n<\/tr>\n<tr>\n<td width=\"256\">1. Platz (19 Punkte)<\/td>\n<td width=\"256\">Leonard Uscinowicz<\/td>\n<td width=\"79\">8c<\/td>\n<\/tr>\n<\/tbody>\n<\/table>\n<table>\n<tbody>\n<tr>\n<td colspan=\"3\" width=\"591\">\n<h4>Klasse 9 (5 Teilnehmer)<\/h4>\n<\/td>\n<\/tr>\n<tr>\n<td width=\"256\">1. Platz (30 Punkte)<\/td>\n<td width=\"256\">Luis Glahn<\/td>\n<td width=\"79\">9a<\/td>\n<\/tr>\n<\/tbody>\n<\/table>\n<p>&nbsp;<\/p>\n<p>Herzlichen Gl\u00fcckwunsch an alle Teilnehmer und viel Erfolg f\u00fcr Luis in der n\u00e4chsten Runde!<\/p>\n<p>Text\/Foto: S. Helbig<\/p>\n<p><em><br \/>\n<\/em><\/p>\n<p>Weitere Informationen zum Wettbewerb und seiner Organisationsstruktur findet man auch unter <a href=\"http:\/\/www.mathematik-olympiaden.de\">diesem Link<\/a>.<\/p>\n<p>&nbsp;<\/p>\n","protected":false},"excerpt":{"rendered":"<p>Anspruchsvolle Mathematik Auch in diesem Jahr nimmt unsere Schule an der Mathematik-Olympiade teil, die im Schuljahr 2015\/16 zum 55. Mal ausgetragen wird. Sowohl auf Schul- als auch auf Regionalebene erreichten Goerdeler-Sch\u00fcler sehr gute Erfolge. Nach der Qualifizierung auf der Schulebene des Wettbewerbs starteten sechs Goerdeler-Teilnehmer in der Regionalrunde. An einem Samstagvormittag Ende November haben sich [&hellip;]<\/p>\n","protected":false},"author":14,"featured_media":5891,"comment_status":"closed","ping_status":"closed","sticky":false,"template":"","format":"standard","meta":{"_themeisle_gutenberg_block_has_review":false,"footnotes":""},"categories":[140],"tags":[],"class_list":["post-5890","post","type-post","status-publish","format-standard","has-post-thumbnail","hentry","category-aktuelles"],"_links":{"self":[{"href":"https:\/\/goerdeler.lspb.de\/wordpress\/wp-json\/wp\/v2\/posts\/5890","targetHints":{"allow":["GET"]}}],"collection":[{"href":"https:\/\/goerdeler.lspb.de\/wordpress\/wp-json\/wp\/v2\/posts"}],"about":[{"href":"https:\/\/goerdeler.lspb.de\/wordpress\/wp-json\/wp\/v2\/types\/post"}],"author":[{"embeddable":true,"href":"https:\/\/goerdeler.lspb.de\/wordpress\/wp-json\/wp\/v2\/users\/14"}],"replies":[{"embeddable":true,"href":"https:\/\/goerdeler.lspb.de\/wordpress\/wp-json\/wp\/v2\/comments?post=5890"}],"version-history":[{"count":1,"href":"https:\/\/goerdeler.lspb.de\/wordpress\/wp-json\/wp\/v2\/posts\/5890\/revisions"}],"predecessor-version":[{"id":5892,"href":"https:\/\/goerdeler.lspb.de\/wordpress\/wp-json\/wp\/v2\/posts\/5890\/revisions\/5892"}],"wp:featuredmedia":[{"embeddable":true,"href":"https:\/\/goerdeler.lspb.de\/wordpress\/wp-json\/wp\/v2\/media\/5891"}],"wp:attachment":[{"href":"https:\/\/goerdeler.lspb.de\/wordpress\/wp-json\/wp\/v2\/media?parent=5890"}],"wp:term":[{"taxonomy":"category","embeddable":true,"href":"https:\/\/goerdeler.lspb.de\/wordpress\/wp-json\/wp\/v2\/categories?post=5890"},{"taxonomy":"post_tag","embeddable":true,"href":"https:\/\/goerdeler.lspb.de\/wordpress\/wp-json\/wp\/v2\/tags?post=5890"}],"curies":[{"name":"wp","href":"https:\/\/api.w.org\/{rel}","templated":true}]}}