{"id":5893,"date":"2015-12-12T11:53:06","date_gmt":"2015-12-12T10:53:06","guid":{"rendered":"http:\/\/goerdeler.lspb.de\/wordpress\/?p=5893"},"modified":"2016-03-17T11:57:45","modified_gmt":"2016-03-17T10:57:45","slug":"kreative-fotografie","status":"publish","type":"post","link":"https:\/\/goerdeler.lspb.de\/wordpress\/kreative-fotografie\/","title":{"rendered":"Kreative Fotografie"},"content":{"rendered":"<h1>Workshop f\u00fcr besonders begabte Sch\u00fcler<\/h1>\n<p>Der richtige Umgang mit der Kamera, kreative Bildgestaltung und die Bildbearbeitung waren Themen des zweit\u00e4gigen Workshops \u201eFotografie kreativ\u201c, der am 12. Dezember im Heinz Nixdorf MuseumsForum seinen Abschluss fand. Das Goerdeler-Gymnasium hatte den Kurs als Netzwerkschule der \u201eBegabungsf\u00f6rderung OWL\u201c in Kooperation mit der Bezirksregierung Detmold organisiert. 15 Nachwuchsfotografen lie\u00dfen sich von Profi Sergei Magel in die Kunst der Fotografie einf\u00fchren.<br \/>\nAn zwei Samstagen trafen sich 15 Sch\u00fclerinnen und Sch\u00fcler aus ganz OWL, um den richtigen Umgang mit ihren Kameras zu erlernen. Die Kamerabedienung, Motivgestaltung und die M\u00f6glichkeiten der Bildbearbeitungsprogramme standen beim ersten Seminartag im Vordergrund. Nach dieser Basisschulung lud der Bad Lippspringer Fotograf Sergei Magel die Teilnehmer am zweiten Samstag ein, k\u00fcnstlerisch kreativ zu werden. Mit dem Tilt-Shift-Objektiv, dem Lichtmalen und dem Portrait ging es um unterschiedlichste Bereiche der kreativen Fotografie, die die Teilnehmer in Theorie und eigener praktischer Umsetzung erlernten.<br \/>\n\u201eF\u00fcr besonders begabte Sch\u00fclerinnen und Sch\u00fcler k\u00f6nnen wir mit Workshops zu ganz unterschiedlichen Themenfeldern Herausforderungen au\u00dferhalb des Schulunterrichts anbieten, Vertiefungen erm\u00f6glichen und die Lernfreude steigern\u201c, erl\u00e4utert Gabriele Duhe als Koordinatorin der Begabungsf\u00f6rderung am Goerdeler-Gymnasium die Zielsetzungen des \u201eNetzwerkes Begabungsf\u00f6rderung OWL\u201c. Gef\u00f6rdert wurde der Workshop durch die <a href=\"http:\/\/www.familie-osthushenrich-stiftung.de\">Familie- Osthushenrich -Stiftung,<\/a> vertreten durch den Gesch\u00e4ftsf\u00fchrer Dr. Burghard Lehmann, die insbesondere Projekte im Bereich der Begabungsf\u00f6rderung unterst\u00fctzt.<\/p>\n<p>Text\/Foto: N. Lamberty-Freckmann<\/p>\n<p><u>Zum Hintergrund:<br \/>\n<\/u>Das Netzwerk Begabungsf\u00f6rderung OWL setzt sich unter der Leitung der Bezirksregierung Detmold, vertreten durch Frau LRSD\u00b4 Gertrud Pannek (Dez. 43), aus derzeit 20 teilnehmenden Gymnasien, Gesamtschulen und Weiterbildungskollegs zusammen. Aus Paderborn geh\u00f6ren das Goerdeler-Gymnasium und das Gymnasium Theodorianum dem Netzwerk an. Die Familie-Osthushenrich-Stiftung sowie die Stiftung Bildung unterst\u00fctzen das Netzwerk durch Fortbildung sowie die Finanzierung einzelner Projekte. Die Schulen bieten in Kooperation mit Universit\u00e4ten, Bildungseinrichtungen und Betrieben Workshops f\u00fcr besonders begabte Sch\u00fclerinnen und Sch\u00fcler der Klasse 7 bis zum Ende der Sekundarstufe I an. Dabei gilt, dass die Workshops im Sinne der Netzwerkarbeit nicht nur f\u00fcr Sch\u00fclerinnen und Sch\u00fcler der eigenen Schule, sondern auch f\u00fcr Teilnehmerinnen und Teilnehmer der \u00fcbrigen Schulen ge\u00f6ffnet sind. Die verschiedenen F\u00f6rderangebote, welche die unterschiedlichen Begabungen (naturwissenschaftlich, musikalisch, sprachlich, technisch, k\u00fcnstlerisch\u2026) der Teilnehmerinnen und Teilnehmer ansprechen, werden entweder als Blockveranstaltung oder als w\u00f6chentliches Angebot eingerichtet.<\/p>\n","protected":false},"excerpt":{"rendered":"<p>Workshop f\u00fcr besonders begabte Sch\u00fcler Der richtige Umgang mit der Kamera, kreative Bildgestaltung und die Bildbearbeitung waren Themen des zweit\u00e4gigen Workshops \u201eFotografie kreativ\u201c, der am 12. Dezember im Heinz Nixdorf MuseumsForum seinen Abschluss fand. Das Goerdeler-Gymnasium hatte den Kurs als Netzwerkschule der \u201eBegabungsf\u00f6rderung OWL\u201c in Kooperation mit der Bezirksregierung Detmold organisiert. 15 Nachwuchsfotografen lie\u00dfen sich [&hellip;]<\/p>\n","protected":false},"author":14,"featured_media":5894,"comment_status":"closed","ping_status":"closed","sticky":false,"template":"","format":"standard","meta":{"_themeisle_gutenberg_block_has_review":false,"footnotes":""},"categories":[140],"tags":[],"class_list":["post-5893","post","type-post","status-publish","format-standard","has-post-thumbnail","hentry","category-aktuelles"],"_links":{"self":[{"href":"https:\/\/goerdeler.lspb.de\/wordpress\/wp-json\/wp\/v2\/posts\/5893","targetHints":{"allow":["GET"]}}],"collection":[{"href":"https:\/\/goerdeler.lspb.de\/wordpress\/wp-json\/wp\/v2\/posts"}],"about":[{"href":"https:\/\/goerdeler.lspb.de\/wordpress\/wp-json\/wp\/v2\/types\/post"}],"author":[{"embeddable":true,"href":"https:\/\/goerdeler.lspb.de\/wordpress\/wp-json\/wp\/v2\/users\/14"}],"replies":[{"embeddable":true,"href":"https:\/\/goerdeler.lspb.de\/wordpress\/wp-json\/wp\/v2\/comments?post=5893"}],"version-history":[{"count":1,"href":"https:\/\/goerdeler.lspb.de\/wordpress\/wp-json\/wp\/v2\/posts\/5893\/revisions"}],"predecessor-version":[{"id":5895,"href":"https:\/\/goerdeler.lspb.de\/wordpress\/wp-json\/wp\/v2\/posts\/5893\/revisions\/5895"}],"wp:featuredmedia":[{"embeddable":true,"href":"https:\/\/goerdeler.lspb.de\/wordpress\/wp-json\/wp\/v2\/media\/5894"}],"wp:attachment":[{"href":"https:\/\/goerdeler.lspb.de\/wordpress\/wp-json\/wp\/v2\/media?parent=5893"}],"wp:term":[{"taxonomy":"category","embeddable":true,"href":"https:\/\/goerdeler.lspb.de\/wordpress\/wp-json\/wp\/v2\/categories?post=5893"},{"taxonomy":"post_tag","embeddable":true,"href":"https:\/\/goerdeler.lspb.de\/wordpress\/wp-json\/wp\/v2\/tags?post=5893"}],"curies":[{"name":"wp","href":"https:\/\/api.w.org\/{rel}","templated":true}]}}