{"id":5896,"date":"2015-12-08T12:01:48","date_gmt":"2015-12-08T11:01:48","guid":{"rendered":"http:\/\/goerdeler.lspb.de\/wordpress\/?p=5896"},"modified":"2016-03-17T12:06:10","modified_gmt":"2016-03-17T11:06:10","slug":"spende-des-foerdervereins","status":"publish","type":"post","link":"https:\/\/goerdeler.lspb.de\/wordpress\/spende-des-foerdervereins\/","title":{"rendered":"Spende des F\u00f6rdervereins"},"content":{"rendered":"<h1><strong>Das ist ja wie Weihnachten!<\/strong><\/h1>\n<p>Der F\u00f6rderverein hat mit einer gro\u00dfz\u00fcgigen Spende die \u00dcbermittagsbetreuung des Goerdeler-Gymnasiums unterst\u00fctzt. Viele neue Spielsachen, Spielger\u00e4te und Bastelmaterialien konnten angeschafft werden.<br \/>\nSch\u00fclerinnen und Sch\u00fcler, die die \u00dcbermittagsbetreuung besuchen, hatten sich im Vorfeld zusammengesetzt und gemeinsam mit Leonie Vieler, Sch\u00fclerin der EF, und Frau Hassenburs, der Leiterin der \u00dcbermittagsbetreuung am Goerdeler, eine lange Liste mit Anschaffungsw\u00fcnschen erstellt.<br \/>\nDer F\u00f6rderverein hat mit seiner finanziellen Zuwendung dann die Realisierung dieses \u201eWunschzettels\u201c erm\u00f6glicht. Inzwischen wurden alle Spiel- und Bastelsachen geliefert und die Sch\u00fclerinnen und Sch\u00fcler freuen sich \u00fcber ihre neue M\u00f6glichkeiten. Besonders gut kommen viele bunte Steine an: Endlich kann am Nachmittag am Goerdeler auch mit Lego gebaut werden!<br \/>\nEin ganz gro\u00dfes Dankesch\u00f6n an den F\u00f6rderverein von den Sch\u00fclerinnen und Sch\u00fclern der \u00dcbermittagsbetreuung und vom \u201eArbeitskreis \u00dcbermittag\u201c.<\/p>\n<p>Text: B. Dietrich<br \/>\nFoto: N. Lamberty-Freckmann<\/p>\n","protected":false},"excerpt":{"rendered":"<p>Das ist ja wie Weihnachten! Der F\u00f6rderverein hat mit einer gro\u00dfz\u00fcgigen Spende die \u00dcbermittagsbetreuung des Goerdeler-Gymnasiums unterst\u00fctzt. Viele neue Spielsachen, Spielger\u00e4te und Bastelmaterialien konnten angeschafft werden. Sch\u00fclerinnen und Sch\u00fcler, die die \u00dcbermittagsbetreuung besuchen, hatten sich im Vorfeld zusammengesetzt und gemeinsam mit Leonie Vieler, Sch\u00fclerin der EF, und Frau Hassenburs, der Leiterin der \u00dcbermittagsbetreuung am Goerdeler, [&hellip;]<\/p>\n","protected":false},"author":14,"featured_media":5897,"comment_status":"closed","ping_status":"closed","sticky":false,"template":"","format":"standard","meta":{"_themeisle_gutenberg_block_has_review":false,"footnotes":""},"categories":[140],"tags":[],"class_list":["post-5896","post","type-post","status-publish","format-standard","has-post-thumbnail","hentry","category-aktuelles"],"_links":{"self":[{"href":"https:\/\/goerdeler.lspb.de\/wordpress\/wp-json\/wp\/v2\/posts\/5896","targetHints":{"allow":["GET"]}}],"collection":[{"href":"https:\/\/goerdeler.lspb.de\/wordpress\/wp-json\/wp\/v2\/posts"}],"about":[{"href":"https:\/\/goerdeler.lspb.de\/wordpress\/wp-json\/wp\/v2\/types\/post"}],"author":[{"embeddable":true,"href":"https:\/\/goerdeler.lspb.de\/wordpress\/wp-json\/wp\/v2\/users\/14"}],"replies":[{"embeddable":true,"href":"https:\/\/goerdeler.lspb.de\/wordpress\/wp-json\/wp\/v2\/comments?post=5896"}],"version-history":[{"count":1,"href":"https:\/\/goerdeler.lspb.de\/wordpress\/wp-json\/wp\/v2\/posts\/5896\/revisions"}],"predecessor-version":[{"id":5898,"href":"https:\/\/goerdeler.lspb.de\/wordpress\/wp-json\/wp\/v2\/posts\/5896\/revisions\/5898"}],"wp:featuredmedia":[{"embeddable":true,"href":"https:\/\/goerdeler.lspb.de\/wordpress\/wp-json\/wp\/v2\/media\/5897"}],"wp:attachment":[{"href":"https:\/\/goerdeler.lspb.de\/wordpress\/wp-json\/wp\/v2\/media?parent=5896"}],"wp:term":[{"taxonomy":"category","embeddable":true,"href":"https:\/\/goerdeler.lspb.de\/wordpress\/wp-json\/wp\/v2\/categories?post=5896"},{"taxonomy":"post_tag","embeddable":true,"href":"https:\/\/goerdeler.lspb.de\/wordpress\/wp-json\/wp\/v2\/tags?post=5896"}],"curies":[{"name":"wp","href":"https:\/\/api.w.org\/{rel}","templated":true}]}}