{"id":5905,"date":"2015-11-28T12:13:35","date_gmt":"2015-11-28T11:13:35","guid":{"rendered":"http:\/\/goerdeler.lspb.de\/wordpress\/?p=5905"},"modified":"2016-03-17T12:18:56","modified_gmt":"2016-03-17T11:18:56","slug":"nils-kuttig-ist-der-lesekoenig","status":"publish","type":"post","link":"https:\/\/goerdeler.lspb.de\/wordpress\/nils-kuttig-ist-der-lesekoenig\/","title":{"rendered":"Nils Kuttig ist der \u201eLesek\u00f6nig\u201c"},"content":{"rendered":"<h1>Vorlesewettbewerb der sechsten Klassen 2015\/16<\/h1>\n<p>Beim diesj\u00e4hrigen Lesewettbewerb der 6. Jahrgangsstufe wurde Nils Kuttig aus der Klasse 6b zum Sieger gek\u00fcrt. Er wird unser Gymnasium im Februar 2016 auf der Regionalebene des Vorlesewettbewerbs des Deutschen Buchhandels vertreten.<\/p>\n<p>In den drei Klassen der Jahrgangsstufe 6 waren im Deutschunterricht zun\u00e4chst intern die besten Vorleser von ihren Mitsch\u00fclern ermittelt worden. Als Finalisten f\u00fcr den Schulentscheid hatten sich dabei\u00a0 Annika Klocke, Judith Matura, Lea Altmiks, Amelie Gamm (hinten v.l.n.r)., Daniel Peters und Nils Kuttig (knieend v.l.n.r) qualifiziert.<\/p>\n<p>Am 26. November stellten sich die Finalisten dann vor allen Mitsch\u00fclern der Jahrgangsstufe in der Goerdeler-Aula ihrer Aufgabe mit gro\u00dfer Konzentration und sp\u00fcrbarer Freude am Vorlesen. Nachdem alle Teilnehmer einen vorbereiteten Ausschnitt aus einem Jugendbuch ihrer Wahl vorgetragen hatten, mussten sie ihr K\u00f6nnen auch an einem unbekannten Text beweisen und lasen jeweils einen Auszug aus Andreas Steinh\u00f6fels erfolgreichem Jugendbuch \u201eRico, Oskar und die Tieferschatten\u201c.<br \/>\nDer Jury dienten die Beurteilungskriterien Lesetechnik, Textgestaltung und Textverst\u00e4ndnis als Ma\u00dfstab f\u00fcr ihre Punktevergabe. Die Entscheidung fiel einhellig f\u00fcr Nils Kuttig als Erstplatzierten, der mit seiner Leseprobe aus Gill Lewis\u2018 Roman \u201eDie Spur des Mondb\u00e4ren\u201c sehr \u00fcberzeugend die Atmosph\u00e4re der Handlung vermittelte und mit seiner Stimmvariation die Protagonisten ganz beeindruckend zum Leben erweckte.<\/p>\n<p>Seit 1959 organisiert der B\u00f6rsenverein des Deutschen Buchhandels in Zusammenarbeit mit Schulen, Bibliotheken und kulturellen Einrichtungen j\u00e4hrlich den Vorlesewettbewerb. Mitbegr\u00fcndet vom bekannten Kinderbuchautor Erich K\u00e4stner steht er heute unter der Schirmherrschaft des Bundespr\u00e4sidenten.<br \/>\nFast 700 000 Kinder an rund 8000 Schulen beteiligen sich auch in diesem Jahr an dem gr\u00f6\u00dften Sch\u00fclerwettbewerb Deutschlands, der Kinder ermuntern m\u00f6chte, sich mit erz\u00e4hlender Literatur zu besch\u00e4ftigen, aus ihren Lieblingsb\u00fcchern vorzulesen und neue Leseanregungen zu erhalten.<\/p>\n<p>Text\/Foto: N. Lamberty-Freckmann<\/p>\n","protected":false},"excerpt":{"rendered":"<p>Vorlesewettbewerb der sechsten Klassen 2015\/16 Beim diesj\u00e4hrigen Lesewettbewerb der 6. Jahrgangsstufe wurde Nils Kuttig aus der Klasse 6b zum Sieger gek\u00fcrt. Er wird unser Gymnasium im Februar 2016 auf der Regionalebene des Vorlesewettbewerbs des Deutschen Buchhandels vertreten. In den drei Klassen der Jahrgangsstufe 6 waren im Deutschunterricht zun\u00e4chst intern die besten Vorleser von ihren Mitsch\u00fclern [&hellip;]<\/p>\n","protected":false},"author":14,"featured_media":5906,"comment_status":"closed","ping_status":"closed","sticky":false,"template":"","format":"standard","meta":{"_themeisle_gutenberg_block_has_review":false,"footnotes":""},"categories":[140],"tags":[],"class_list":["post-5905","post","type-post","status-publish","format-standard","has-post-thumbnail","hentry","category-aktuelles"],"_links":{"self":[{"href":"https:\/\/goerdeler.lspb.de\/wordpress\/wp-json\/wp\/v2\/posts\/5905","targetHints":{"allow":["GET"]}}],"collection":[{"href":"https:\/\/goerdeler.lspb.de\/wordpress\/wp-json\/wp\/v2\/posts"}],"about":[{"href":"https:\/\/goerdeler.lspb.de\/wordpress\/wp-json\/wp\/v2\/types\/post"}],"author":[{"embeddable":true,"href":"https:\/\/goerdeler.lspb.de\/wordpress\/wp-json\/wp\/v2\/users\/14"}],"replies":[{"embeddable":true,"href":"https:\/\/goerdeler.lspb.de\/wordpress\/wp-json\/wp\/v2\/comments?post=5905"}],"version-history":[{"count":3,"href":"https:\/\/goerdeler.lspb.de\/wordpress\/wp-json\/wp\/v2\/posts\/5905\/revisions"}],"predecessor-version":[{"id":5909,"href":"https:\/\/goerdeler.lspb.de\/wordpress\/wp-json\/wp\/v2\/posts\/5905\/revisions\/5909"}],"wp:featuredmedia":[{"embeddable":true,"href":"https:\/\/goerdeler.lspb.de\/wordpress\/wp-json\/wp\/v2\/media\/5906"}],"wp:attachment":[{"href":"https:\/\/goerdeler.lspb.de\/wordpress\/wp-json\/wp\/v2\/media?parent=5905"}],"wp:term":[{"taxonomy":"category","embeddable":true,"href":"https:\/\/goerdeler.lspb.de\/wordpress\/wp-json\/wp\/v2\/categories?post=5905"},{"taxonomy":"post_tag","embeddable":true,"href":"https:\/\/goerdeler.lspb.de\/wordpress\/wp-json\/wp\/v2\/tags?post=5905"}],"curies":[{"name":"wp","href":"https:\/\/api.w.org\/{rel}","templated":true}]}}