{"id":6543,"date":"2016-09-19T10:27:17","date_gmt":"2016-09-19T08:27:17","guid":{"rendered":"http:\/\/goerdeler.lspb.de\/wordpress\/?p=6543"},"modified":"2016-11-14T11:53:57","modified_gmt":"2016-11-14T10:53:57","slug":"austauschprogramm-mit-przemysl-eindruecke-deutsch-polnischer-freundschaft","status":"publish","type":"post","link":"https:\/\/goerdeler.lspb.de\/wordpress\/austauschprogramm-mit-przemysl-eindruecke-deutsch-polnischer-freundschaft\/","title":{"rendered":"Austauschprogramm mit Przemysl \u2013 Eindr\u00fccke deutsch-polnischer Freundschaft"},"content":{"rendered":"<p>Im Rahmen unseres Austauschprogrammes mit dem Liceum II Morawskiego in Przemysl besuchten 32 Sch\u00fclerinnen und Sch\u00fcler in diesem Jahr die polnische Partnerstadt. Vom 4. \u2013 13. September erlebten die Teilnehmer aus den Jahrgangsstufen 9, EF, Q1 und Q2 mit ihren begleitenden Lehrkr\u00e4ften Beate Nieke und Gabriele Lambrechts eindrucksvolle Tage in Auschwitz, Krakau, Przemysl und Umgebung.<\/p>\n<p>Bevor die Reisegruppe des Goerdeler-Gymnasiums f\u00fcr 8 Tage in Przemysl willkommen gehei\u00dfen wurde, verbrachte sie zwei Tage (eine \u00dcbernachtung) in Krakau. Zun\u00e4chst erfolgte nach einer langen Nachtfahrt der Besuch des ehemaligen Konzentrationslagers Auschwitz. Zum Gedenken an die Opfer legten die Sch\u00fcler ein Gesteck nieder und zeigten sich alle sehr bewegt, wie die Aussage einer Sch\u00fclerin zeigt: \u201eAuschwitz und Birkenau waren erschreckend, eindrucksvoll und interessant zugleich \u2013 ein unverzichtbarer Programmpunkt!\u201c Auch die Besichtigung Krakaus und des Salzbergwerkes Wieliczka mit seiner gro\u00dfen Kapelle fanden begeisterten Zuspruch.<br \/>\nAm 6. September empfingen dann die polnischen Gastgeber ihre Austauschpartner am Liceum. Neben den Sch\u00fclern, Eltern und Lehrern bereiteten auch der ehemalige Schulleiter Arthur Pich und sein Nachfolger Mariusz Zamirski den G\u00e4sten einen tollen Empfang. Diese freudige Kontaktaufnahme und die warmherzige Mentalit\u00e4t pr\u00e4gten den gesamten Aufenthalt.<br \/>\nAm n\u00e4chsten Tag schloss sich noch der offizielle Empfang beim Pr\u00e4sidenten der Stadt Przemysl im Rathaus an. Es reihten sich dann in der gesamten Woche sehr abwechslungsreiche und hochkar\u00e4tige Ausfl\u00fcge und Programmpunkte aneinander. So ergab sich bei bestem Wetter eine gute Mischung aus Freizeit in den Familien und gemeinsamen Aktivit\u00e4ten mit der Gruppe. Besonders hervorzuheben sind hierbei die Wanderung zum Tartarenh\u00fcgel und der Ausflug zum Schloss Lancut, einer Palastanlage aus dem 17. Jahrhundert und eines der bedeutendsten Architekturdenkm\u00e4ler Polens. Eine Schifffahrt auf dem Solina-Stausee, die Besichtigung der Glockengie\u00dferei und eine Wanderung nach Bolastrasyce mit Besuch im Arboretum geh\u00f6rten ebenfalls zum Programm, das jeden Tag andere Highlights bereithielt.<br \/>\nAuch gemeinschaftliche Workshops, wie etwas das T\u00f6pfern von Schutzengeln oder das Fertigen von gro\u00dfen Blumen aus Krepppapier, bereiteten den deutschen wie polnischen Sch\u00fclern viel Freude. So erlebten die 32 Austauschsch\u00fcler eine \u201ePolen \u00e0 la carte\u201c-Woche, die bei den Ausfl\u00fcgen und auch bei der Verpflegung keine W\u00fcnsche offen lie\u00df: \u201eDas Essen in Polen war total lecker und die gedeckten Tafeln in den Restaurants ganz toll!\u201c<br \/>\nUnd so verwundert es nicht, dass nach der intensiven gemeinsamen Zeit zum Abschied am 13. September auch einige Tr\u00e4nen geflossen sind\u2026.<br \/>\nDoch dank der modernen Medien werden die geschlossenen Freundschaften weiter gepflegt werden k\u00f6nnen und die Aussicht auf ein Wiedersehen im n\u00e4chsten Jahr gibt es auch. Zum 50j\u00e4hrigen Schuljubil\u00e4um unseres Gymnasiums werden die polnischen Freunde im September bei ihren Paderborner Gastfamilien zu Besuch sein. 2017 j\u00e4hrt sich das Austauschprogramm der beiden Schulen zum 25. Mal. Damit ist unsere Partnerschaft ein Jahr \u00e4lter als die offizielle St\u00e4dtepartnerschaft zwischen Paderborn und Przemysl.<\/p>\n<p style=\"text-align: right;\"><em>Text: G. Lambrechts, B. Nieke, S. Mertens\u00a0<\/em><\/p>\n<p style=\"text-align: left;\">\n<p style=\"text-align: left;\">[gallery_bank type=&#8220;individual&#8220; format=&#8220;masonry&#8220; title=&#8220;true&#8220; desc=&#8220;false&#8220; responsive=&#8220;true&#8220; display=&#8220;all&#8220; sort_by=&#8220;pic_id&#8220; animation_effect=&#8220;bounce&#8220; album_title=&#8220;true&#8220; album_id=&#8220;16&#8243;]<\/p>\n<p>&nbsp;<\/p>\n","protected":false},"excerpt":{"rendered":"<p>Im Rahmen unseres Austauschprogrammes mit dem Liceum II Morawskiego in Przemysl besuchten 32 Sch\u00fclerinnen und Sch\u00fcler in diesem Jahr die polnische Partnerstadt. Vom 4. \u2013 13. September erlebten die Teilnehmer aus den Jahrgangsstufen 9, EF, Q1 und Q2 mit ihren begleitenden Lehrkr\u00e4ften Beate Nieke und Gabriele Lambrechts eindrucksvolle Tage in Auschwitz, Krakau, Przemysl und Umgebung. [&hellip;]<\/p>\n","protected":false},"author":11,"featured_media":6544,"comment_status":"closed","ping_status":"closed","sticky":false,"template":"","format":"standard","meta":{"_themeisle_gutenberg_block_has_review":false,"footnotes":""},"categories":[140],"tags":[],"class_list":["post-6543","post","type-post","status-publish","format-standard","has-post-thumbnail","hentry","category-aktuelles"],"_links":{"self":[{"href":"https:\/\/goerdeler.lspb.de\/wordpress\/wp-json\/wp\/v2\/posts\/6543","targetHints":{"allow":["GET"]}}],"collection":[{"href":"https:\/\/goerdeler.lspb.de\/wordpress\/wp-json\/wp\/v2\/posts"}],"about":[{"href":"https:\/\/goerdeler.lspb.de\/wordpress\/wp-json\/wp\/v2\/types\/post"}],"author":[{"embeddable":true,"href":"https:\/\/goerdeler.lspb.de\/wordpress\/wp-json\/wp\/v2\/users\/11"}],"replies":[{"embeddable":true,"href":"https:\/\/goerdeler.lspb.de\/wordpress\/wp-json\/wp\/v2\/comments?post=6543"}],"version-history":[{"count":9,"href":"https:\/\/goerdeler.lspb.de\/wordpress\/wp-json\/wp\/v2\/posts\/6543\/revisions"}],"predecessor-version":[{"id":6576,"href":"https:\/\/goerdeler.lspb.de\/wordpress\/wp-json\/wp\/v2\/posts\/6543\/revisions\/6576"}],"wp:featuredmedia":[{"embeddable":true,"href":"https:\/\/goerdeler.lspb.de\/wordpress\/wp-json\/wp\/v2\/media\/6544"}],"wp:attachment":[{"href":"https:\/\/goerdeler.lspb.de\/wordpress\/wp-json\/wp\/v2\/media?parent=6543"}],"wp:term":[{"taxonomy":"category","embeddable":true,"href":"https:\/\/goerdeler.lspb.de\/wordpress\/wp-json\/wp\/v2\/categories?post=6543"},{"taxonomy":"post_tag","embeddable":true,"href":"https:\/\/goerdeler.lspb.de\/wordpress\/wp-json\/wp\/v2\/tags?post=6543"}],"curies":[{"name":"wp","href":"https:\/\/api.w.org\/{rel}","templated":true}]}}