{"id":6644,"date":"2016-11-15T11:41:51","date_gmt":"2016-11-15T10:41:51","guid":{"rendered":"http:\/\/goerdeler.lspb.de\/wordpress\/?p=6644"},"modified":"2016-11-17T11:06:02","modified_gmt":"2016-11-17T10:06:02","slug":"tag-der-offenen-tuer-am-03-dezember-2016","status":"publish","type":"post","link":"https:\/\/goerdeler.lspb.de\/wordpress\/tag-der-offenen-tuer-am-03-dezember-2016\/","title":{"rendered":"Tag der offenen T\u00fcr am 03. Dezember 2016"},"content":{"rendered":"<p>Das Goerdeler-Gymnasium l\u00e4dt am Samstag, dem 03. Dezember 2016 von 8.30 Uhr bis 12.30 Uhr herzlich ein zum <strong>Tag der offenen T\u00fcr<\/strong>. Eltern k\u00fcnftiger F\u00fcnftkl\u00e4ssler und k\u00fcnftiger Sch\u00fcler der Einf\u00fchrungsphase\u00a0haben die M\u00f6glichkeit, gemeinsam mit ihren Kindern unsere Schule w\u00e4hrend eines regul\u00e4ren Unterrichtsvormittags zu besuchen und sich bei Vortr\u00e4gen, Beratungsangeboten und zahlreichen Mitmach-Aktivit\u00e4ten ausf\u00fchrlich zu informieren.<br \/>\nUnser Tag der offenen T\u00fcr soll einen detaillierten und lebendigen Einblick in den Unterrichtsalltag des Goerdelerserm\u00f6glichen. Eltern haben mit Ihren Kinderndeshalb die besondere Gelegenheit, das Goerdeler-Gymnasium \u201elive\u201c zu erleben, am Unterricht der Klassen 5 und 6 teilzunehmen, alle Fach- und Klassenr\u00e4ume aufzusuchen und sich in pers\u00f6nlichen Gespr\u00e4chen informieren und beraten zu lassen.<\/p>\n<p>In zwei zentralen <strong>Informationsveranstaltungen um 9.30 und um 11.00 Uhr<\/strong> wird Schulleiterin Helga Lazar in der Aula das p\u00e4dagogische Profil und die besonderen Angebote der Schule vorstellen und Informationen zur Gestaltung der Erprobungsstufe geben. Dar\u00fcber hinaus wird die gesamte Schullaufbahn am Goerdeler-Gymnasium mit seinem F\u00e4cherangebot, den Ma\u00dfnahmen im Rahmen der Individuellen F\u00f6rderung und der p\u00e4dagogischen \u00dcbermittagsbetreuung im Offenen Ganztag erl\u00e4utert.Im Fokus stehen auch zahlreichen Angebote, die seit vielen Jahren im Bereich der Mathematik, Informatik und Naturwissenschaften bestehen und zu einer erfolgreichen Zertifizierung des Goerdelers mit dem Sigel \u201cMINT-freundliche Schule\u201c f\u00fchrten.<br \/>\nParallel zur ersten Pr\u00e4sentation der Schulleiterin k\u00f6nnen die Viertkl\u00e4ssler ihre ganz eigenen Eindr\u00fccke sammeln und an den beliebten <strong>\u201eSchnupperstunden\u201c<\/strong> in Latein, Franz\u00f6sisch, Biologie, Kunst und Musik oder an sportlichen Angeboten teilnehmen.<br \/>\nAb 10.15 Uhr werden die beiden besonderen <strong>Profilklassen der Erprobungsstufe<\/strong> vorgestellt. Zun\u00e4chst das seit Jahren bew\u00e4hrte und erfolgreiche Projekt der \u201eBl\u00e4serKlasse\u201c, in dem die Sch\u00fcler ein geliehenes Musikinstrument im Klassenverband erlernen. Um 10.30 Uhr werden die kleinen Forscher und Forscherinnen der seit vier Jahren mit gro\u00dfem Zuspruch eingerichteten naturwissenschaftlichen Klasse auftreten, um die Arbeit und Zielsetzung dieser MINT-Profilstunde zu veranschaulichen.<\/p>\n<p>Neben den Vortr\u00e4gen gibt es zahlreiche <strong>Informationsw\u00e4nde und Beratungsangebote<\/strong>. Die Kernf\u00e4cher Deutsch, Englisch und Mathematik stellen ihre Anforderungsprofile vor. Fachlehrkr\u00e4fte sowie Elternvertreter stehen zum Gespr\u00e4ch bereit und informieren \u00fcber die Gestaltung des \u00dcbergangs von der Grundschule zum Gymnasium, Aspekte der individuellen F\u00f6rderung, das Projekt \u201eSoziales Lernen\u201c und das Fahrtenprogramm der Schule. Die \u00dcbermittags- und Hausaufgabenbetreuung durch unseren Kooperationspartner AWO Soziale Dienste sowie die vielf\u00e4ltigen AG-Angeboten werden ebenfalls pr\u00e4sentiert.<\/p>\n<p>Wer als Zehntkl\u00e4ssler vor dem Wechsel in die Einf\u00fchrungsphase steht, ist eingeladen sich durch Beratungslehrer des Oberstufenteams informieren zu lassen. In einer zentralen Veranstaltung um 10.30 Uhr in Raum C 2.27 werden die allgemeine <strong>Voraussetzungen und Anforderungen der gymnasialen Oberstufe <\/strong>vorgestellt.<\/p>\n<p>Der vollst\u00e4ndige Veranstaltungsplan kann <a href=\"https:\/\/bid.lspb.de\/explorer\/ViewDocument\/1217260\/\"><strong>hier <\/strong><\/a>eingesehen werden.<br \/>\nEine Kurzvorstellung unserer p\u00e4dagogischen Arbeit und besonderer Angebote finden Sie zudem in folgenden Flyern:<\/p>\n<ul>\n<li><a href=\"https:\/\/bid.lspb.de\/explorer\/ViewDocument\/1214790\/\">Flyer f\u00fcr zuk\u00fcnftige F\u00fcnftkl\u00e4ssler<\/a><\/li>\n<li><a href=\"https:\/\/bid.lspb.de\/explorer\/ViewDocument\/1214787\/\">Flyer f\u00fcr zuk\u00fcnftige Oberstufensch\u00fcler<\/a><\/li>\n<li><a href=\"https:\/\/bid.lspb.de\/explorer\/ViewDocument\/1214791\/\">Flyer zum MINT-Profil der Schule<\/a><\/li>\n<li><a href=\"https:\/\/bid.lspb.de\/explorer\/ViewDocument\/1214788\/\">Flyer zur Bl\u00e4serKlasse<\/a><\/li>\n<li><a href=\"https:\/\/bid.lspb.de\/explorer\/ViewDocument\/1214786\/\">Flyer zur Naturwissenschaftlichen Klasse (NaWi-Klasse)<\/a><\/li>\n<li><a href=\"https:\/\/bid.lspb.de\/explorer\/ViewDocument\/1214789\/\">Flyer zum ECDL-Angebot (Europ\u00e4ischer Computerf\u00fchrerschein)<\/a><\/li>\n<li><a href=\"https:\/\/bid.lspb.de\/explorer\/ViewDocument\/1214785\/\">Flyer zur P\u00e4dagogischen \u00dcbermittagsbetreuung<\/a><\/li>\n<\/ul>\n<p style=\"text-align: center;\">Unsere Sch\u00fcler und Elternvertreter<br \/>\nsowie das Kollegium und die Schulleitung<br \/>\nfreuen sich auf alle Besucher!<\/p>\n","protected":false},"excerpt":{"rendered":"<p>Das Goerdeler-Gymnasium l\u00e4dt am Samstag, dem 03. Dezember 2016 von 8.30 Uhr bis 12.30 Uhr herzlich ein zum Tag der offenen T\u00fcr. Eltern k\u00fcnftiger F\u00fcnftkl\u00e4ssler und k\u00fcnftiger Sch\u00fcler der Einf\u00fchrungsphase\u00a0haben die M\u00f6glichkeit, gemeinsam mit ihren Kindern unsere Schule w\u00e4hrend eines regul\u00e4ren Unterrichtsvormittags zu besuchen und sich bei Vortr\u00e4gen, Beratungsangeboten und zahlreichen Mitmach-Aktivit\u00e4ten ausf\u00fchrlich zu informieren. [&hellip;]<\/p>\n","protected":false},"author":11,"featured_media":6658,"comment_status":"closed","ping_status":"closed","sticky":false,"template":"","format":"standard","meta":{"_themeisle_gutenberg_block_has_review":false,"footnotes":""},"categories":[140],"tags":[],"class_list":["post-6644","post","type-post","status-publish","format-standard","has-post-thumbnail","hentry","category-aktuelles"],"_links":{"self":[{"href":"https:\/\/goerdeler.lspb.de\/wordpress\/wp-json\/wp\/v2\/posts\/6644","targetHints":{"allow":["GET"]}}],"collection":[{"href":"https:\/\/goerdeler.lspb.de\/wordpress\/wp-json\/wp\/v2\/posts"}],"about":[{"href":"https:\/\/goerdeler.lspb.de\/wordpress\/wp-json\/wp\/v2\/types\/post"}],"author":[{"embeddable":true,"href":"https:\/\/goerdeler.lspb.de\/wordpress\/wp-json\/wp\/v2\/users\/11"}],"replies":[{"embeddable":true,"href":"https:\/\/goerdeler.lspb.de\/wordpress\/wp-json\/wp\/v2\/comments?post=6644"}],"version-history":[{"count":13,"href":"https:\/\/goerdeler.lspb.de\/wordpress\/wp-json\/wp\/v2\/posts\/6644\/revisions"}],"predecessor-version":[{"id":6675,"href":"https:\/\/goerdeler.lspb.de\/wordpress\/wp-json\/wp\/v2\/posts\/6644\/revisions\/6675"}],"wp:featuredmedia":[{"embeddable":true,"href":"https:\/\/goerdeler.lspb.de\/wordpress\/wp-json\/wp\/v2\/media\/6658"}],"wp:attachment":[{"href":"https:\/\/goerdeler.lspb.de\/wordpress\/wp-json\/wp\/v2\/media?parent=6644"}],"wp:term":[{"taxonomy":"category","embeddable":true,"href":"https:\/\/goerdeler.lspb.de\/wordpress\/wp-json\/wp\/v2\/categories?post=6644"},{"taxonomy":"post_tag","embeddable":true,"href":"https:\/\/goerdeler.lspb.de\/wordpress\/wp-json\/wp\/v2\/tags?post=6644"}],"curies":[{"name":"wp","href":"https:\/\/api.w.org\/{rel}","templated":true}]}}