{"id":7157,"date":"2017-05-17T10:33:56","date_gmt":"2017-05-17T08:33:56","guid":{"rendered":"http:\/\/goerdeler.lspb.de\/wordpress\/?p=7157"},"modified":"2017-07-14T11:01:51","modified_gmt":"2017-07-14T09:01:51","slug":"daniel-peters-7c-schulsieger-des-geographie-wettbewerbs-diercke-wissen","status":"publish","type":"post","link":"https:\/\/goerdeler.lspb.de\/wordpress\/daniel-peters-7c-schulsieger-des-geographie-wettbewerbs-diercke-wissen\/","title":{"rendered":"Daniel Peters (7c) Schulsieger des Geographie Wettbewerbs Diercke-WISSEN"},"content":{"rendered":"<p style=\"text-align: left;\">Auch dieses Jahr wurde an unserer Schule erneut der bundesweit gr\u00f6\u00dfte Sch\u00fclerwettbewerb im Bereich Geographie in den Jahrgangsstufen 7, 9 und EF durchgef\u00fchrt. Alle (Erdkunde-) Sch\u00fcler der oben genannten Stufen nahmen am Wettbewerb auf Klassen- bzw. Kursebene teil. Die jeweiligen Bestplatzierten (23 Sch\u00fcler) nahmen im 2. Durchgang an den Fragen auf Schulebene teil, den unsere Erdkundelehrerin Frau Wagner dieses Jahr organsierte.<\/p>\n<p style=\"text-align: left;\">\u201eManches war schon recht schwierig, aber es hat auch Spa\u00df gemacht\u201c so Daniel Peters aus der 7c, der sich gegen die meist sehr viel \u00e4lteren Sch\u00fcler durchsetzen konnte. Die Fragen des Wettbewerbs beziehen sich auf die verschiedenen Teilr\u00e4ume der Erde (Deutschland, Europa, Welt) und Teilaspekte des Faches Erdkunde\/Geographie. Sie sind lehrplanunabh\u00e4ngig, da je nach Bundesland f\u00fcr das Fach Erdkunde\/Geographie nur eine sehr geringe Stundenzahl (NRW Klasse 5, 7, 9 zweist\u00fcndig, EF dreist\u00fcndig) zur Verf\u00fcgung steht und auch die Inhalte der Lehrpl\u00e4ne der Bundesl\u00e4nder stark variieren. Somit wird bei dem Wettbewerb ein gr\u00f6\u00dferes Wissen abgefragt, als im Unterricht vermittelt werden kann. Dies stellte f\u00fcr Daniel Peters jedoch kein gro\u00dfes Problem dar. Wir dr\u00fccken ihm die Daumen, dass er evtl. als Landessieger NRW am 9. Juni 2017 am Bundesfinale in Braunschweig teilnehmen darf (die Auswertung erfolgt extern).<\/p>\n<p style=\"text-align: center;\"><a href=\"http:\/\/goerdeler.lspb.de\/wordpress\/wp-content\/uploads\/2017-05-15Diercke_Wettbewerb.jpg\"><img loading=\"lazy\" decoding=\"async\" class=\"alignnone wp-image-7158\" src=\"http:\/\/goerdeler.lspb.de\/wordpress\/wp-content\/uploads\/2017-05-15Diercke_Wettbewerb.jpg\" alt=\"\" width=\"584\" height=\"438\" srcset=\"https:\/\/goerdeler.lspb.de\/wordpress\/wp-content\/uploads\/2017-05-15Diercke_Wettbewerb.jpg 900w, https:\/\/goerdeler.lspb.de\/wordpress\/wp-content\/uploads\/2017-05-15Diercke_Wettbewerb-300x225.jpg 300w, https:\/\/goerdeler.lspb.de\/wordpress\/wp-content\/uploads\/2017-05-15Diercke_Wettbewerb-768x576.jpg 768w, https:\/\/goerdeler.lspb.de\/wordpress\/wp-content\/uploads\/2017-05-15Diercke_Wettbewerb-585x440.jpg 585w, https:\/\/goerdeler.lspb.de\/wordpress\/wp-content\/uploads\/2017-05-15Diercke_Wettbewerb-230x172.jpg 230w\" sizes=\"auto, (max-width: 584px) 100vw, 584px\" \/><\/a><\/p>\n<p style=\"text-align: center;\">Daniel Peters (7c) erh\u00e4lt von seiner Erdkundelehrerin Frau Kumlehn die Siegerurkunde und ein Pr\u00e4sent der Schule.<\/p>\n<p style=\"text-align: right;\"><em>Text:\u00a0M. Kumlehn<br \/>\n<\/em><em>Foto: N. Lamberty-Freckmann\u00a0<\/em><\/p>\n","protected":false},"excerpt":{"rendered":"<p>Auch dieses Jahr wurde an unserer Schule erneut der bundesweit gr\u00f6\u00dfte Sch\u00fclerwettbewerb im Bereich Geographie in den Jahrgangsstufen 7, 9 und EF durchgef\u00fchrt. Alle (Erdkunde-) Sch\u00fcler der oben genannten Stufen nahmen am Wettbewerb auf Klassen- bzw. Kursebene teil. Die jeweiligen Bestplatzierten (23 Sch\u00fcler) nahmen im 2. Durchgang an den Fragen auf Schulebene teil, den unsere [&hellip;]<\/p>\n","protected":false},"author":11,"featured_media":7166,"comment_status":"closed","ping_status":"closed","sticky":false,"template":"","format":"standard","meta":{"_themeisle_gutenberg_block_has_review":false,"footnotes":""},"categories":[140],"tags":[],"class_list":["post-7157","post","type-post","status-publish","format-standard","has-post-thumbnail","hentry","category-aktuelles"],"_links":{"self":[{"href":"https:\/\/goerdeler.lspb.de\/wordpress\/wp-json\/wp\/v2\/posts\/7157","targetHints":{"allow":["GET"]}}],"collection":[{"href":"https:\/\/goerdeler.lspb.de\/wordpress\/wp-json\/wp\/v2\/posts"}],"about":[{"href":"https:\/\/goerdeler.lspb.de\/wordpress\/wp-json\/wp\/v2\/types\/post"}],"author":[{"embeddable":true,"href":"https:\/\/goerdeler.lspb.de\/wordpress\/wp-json\/wp\/v2\/users\/11"}],"replies":[{"embeddable":true,"href":"https:\/\/goerdeler.lspb.de\/wordpress\/wp-json\/wp\/v2\/comments?post=7157"}],"version-history":[{"count":7,"href":"https:\/\/goerdeler.lspb.de\/wordpress\/wp-json\/wp\/v2\/posts\/7157\/revisions"}],"predecessor-version":[{"id":7171,"href":"https:\/\/goerdeler.lspb.de\/wordpress\/wp-json\/wp\/v2\/posts\/7157\/revisions\/7171"}],"wp:featuredmedia":[{"embeddable":true,"href":"https:\/\/goerdeler.lspb.de\/wordpress\/wp-json\/wp\/v2\/media\/7166"}],"wp:attachment":[{"href":"https:\/\/goerdeler.lspb.de\/wordpress\/wp-json\/wp\/v2\/media?parent=7157"}],"wp:term":[{"taxonomy":"category","embeddable":true,"href":"https:\/\/goerdeler.lspb.de\/wordpress\/wp-json\/wp\/v2\/categories?post=7157"},{"taxonomy":"post_tag","embeddable":true,"href":"https:\/\/goerdeler.lspb.de\/wordpress\/wp-json\/wp\/v2\/tags?post=7157"}],"curies":[{"name":"wp","href":"https:\/\/api.w.org\/{rel}","templated":true}]}}