{"id":7298,"date":"2017-07-14T08:13:16","date_gmt":"2017-07-14T06:13:16","guid":{"rendered":"http:\/\/goerdeler.lspb.de\/wordpress\/?p=7298"},"modified":"2017-07-14T14:14:58","modified_gmt":"2017-07-14T12:14:58","slug":"begabtenfoerderung-urkunden-fuer-vier-goerdeler-schueler","status":"publish","type":"post","link":"https:\/\/goerdeler.lspb.de\/wordpress\/begabtenfoerderung-urkunden-fuer-vier-goerdeler-schueler\/","title":{"rendered":"Begabtenf\u00f6rderung: Urkunden f\u00fcr vier Goerdeler-Sch\u00fcler"},"content":{"rendered":"<p>Annika Schwarze , Justus Oesterlau , Idwa Adelio und Erik Neels nahmen in diesem Schuljahr an unterschiedlichen Workshops zur Begabungsf\u00f6rderung teil. Allen \u00fcberreichten Schulleiterin Helga Lazar und Gabriele Duhe zum Schuljahresende nun ihre Teilnehmerurkunden. Die Sch\u00fclerinnen und Sch\u00fcler absolvierten erfolgreich zwei unterschiedliche Angebote des \u201eNetzwerkes Begabungsf\u00f6rderung OWL\u201c.<br \/>\nBei \u201eFotografie kreativ\u201c wurde an zwei Samstagnachmittagen im vergangenen Dezember im HNF mit dem Lippspringer Fotografen Sergei Magel gearbeitet. Es gab eine Einf\u00fchrung in digitale Fotografie, praktische \u00dcbungen im HNF und das Anwenden von Bildbearbeitungsprogrammen. Zudem erhielten die Teilnehmer eine Einf\u00fchrung in k\u00fcnstlerische Gestaltungskonzepte wie &#8222;Klein trifft Gro\u00df&#8220; und die &#8222;Lichtmalerei&#8220;. Beim Workshop im Paderborner Sender \u201e Radio Hochstift\u201c schl\u00fcpften die Sch\u00fcler einen Tag mit der Fr\u00fchmoderatorin Sylvia Homann in die Reporterrolle. Sie erlebten eine Studiof\u00fchrung, gestalteten eine Redaktionskonferenz, f\u00fchrten Interviews in der Stadt zu tagesaktuellen Themen und schnitten diese schlie\u00dflich zu fertigen Radiobeitr\u00e4gen, die allesamt im Programm des Senders zu h\u00f6ren waren.<\/p>\n<p>Unser Beitragsbild zeigt von links nach rechts: Gabriele Duhe, Annika Schwarze (8b), Justus Oesterlau (8b), Idwa Adelio (7b) und Helga Lazar (es fehlt: Erik Neels, 7c).<br \/>\nN\u00e4here Informationen zu den Workshops und ihren Inhalten sind hier nachzulesen: <a href=\"http:\/\/goerdeler.lspb.de\/wordpress\/kreative-fotografie-workshop-fuer-begabte\/\">\u201eFotografie kreativ\u201c<\/a><br \/>\n<a href=\"http:\/\/goerdeler.lspb.de\/wordpress\/radio-workshop-schueler-als-reporter\/\">\u201eRadio live\u201c<\/a><\/p>\n<p style=\"text-align: right;\"><em>Text\/Foto: N. Lamberty-Freckmann<\/em><\/p>\n<p>&nbsp;<\/p>\n<p><em>Zum Hintergrund:<\/em> Das Netzwerk Begabungsf\u00f6rderung OWL setzt sich unter der Leitung der Bezirksregierung Detmold, vertreten durch Frau LRSD\u00b4 Gertrud Pannek (Dez. 43), aus derzeit 20 teilnehmenden Gymnasien, Gesamtschulen und Weiterbildungskollegs zusammen. Aus Paderborn geh\u00f6ren das Goerdeler-Gymnasium, das St. Michael Gymnasium und das Gymnasium Theodorianum dem Netzwerk an. Die Familie-Osthushenrich-Stiftung sowie die Stiftung Bildung unterst\u00fctzen das Netzwerk durch Fortbildung sowie die Finanzierung einzelner Projekte. Die Schulen bieten in Kooperation mit Universit\u00e4ten, Bildungseinrichtungen und Betrieben Workshops f\u00fcr besonders begabte Sch\u00fclerinnen und Sch\u00fcler der Klasse 7 bis zum Ende der Sekundarstufe I, je nach Interesse und schulischer Schwerpunktsetzung, an. Dabei gilt, dass die Workshops im Sinne der Netzwerkarbeit nicht nur f\u00fcr Sch\u00fclerinnen und Sch\u00fcler der eigenen Schule, sondern auch f\u00fcr Teilnehmerinnen und Teilnehmer der \u00fcbrigen Schulen ge\u00f6ffnet sind. Die verschiedenen F\u00f6rderangebote, welche die unterschiedlichen Begabungen (naturwissenschaftlich, musikalisch, sprachlich, technisch, k\u00fcnstlerisch\u2026) der Teilnehmerinnen und Teilnehmer ansprechen, werden entweder als Blockveranstaltung oder als w\u00f6chentliches Angebot eingerichtet.<\/p>\n<p>&nbsp;<\/p>\n","protected":false},"excerpt":{"rendered":"<p>Annika Schwarze , Justus Oesterlau , Idwa Adelio und Erik Neels nahmen in diesem Schuljahr an unterschiedlichen Workshops zur Begabungsf\u00f6rderung teil. Allen \u00fcberreichten Schulleiterin Helga Lazar und Gabriele Duhe zum Schuljahresende nun ihre Teilnehmerurkunden. Die Sch\u00fclerinnen und Sch\u00fcler absolvierten erfolgreich zwei unterschiedliche Angebote des \u201eNetzwerkes Begabungsf\u00f6rderung OWL\u201c. Bei \u201eFotografie kreativ\u201c wurde an zwei Samstagnachmittagen im [&hellip;]<\/p>\n","protected":false},"author":11,"featured_media":7299,"comment_status":"closed","ping_status":"closed","sticky":false,"template":"","format":"standard","meta":{"_themeisle_gutenberg_block_has_review":false,"footnotes":""},"categories":[140],"tags":[],"class_list":["post-7298","post","type-post","status-publish","format-standard","has-post-thumbnail","hentry","category-aktuelles"],"_links":{"self":[{"href":"https:\/\/goerdeler.lspb.de\/wordpress\/wp-json\/wp\/v2\/posts\/7298","targetHints":{"allow":["GET"]}}],"collection":[{"href":"https:\/\/goerdeler.lspb.de\/wordpress\/wp-json\/wp\/v2\/posts"}],"about":[{"href":"https:\/\/goerdeler.lspb.de\/wordpress\/wp-json\/wp\/v2\/types\/post"}],"author":[{"embeddable":true,"href":"https:\/\/goerdeler.lspb.de\/wordpress\/wp-json\/wp\/v2\/users\/11"}],"replies":[{"embeddable":true,"href":"https:\/\/goerdeler.lspb.de\/wordpress\/wp-json\/wp\/v2\/comments?post=7298"}],"version-history":[{"count":3,"href":"https:\/\/goerdeler.lspb.de\/wordpress\/wp-json\/wp\/v2\/posts\/7298\/revisions"}],"predecessor-version":[{"id":7309,"href":"https:\/\/goerdeler.lspb.de\/wordpress\/wp-json\/wp\/v2\/posts\/7298\/revisions\/7309"}],"wp:featuredmedia":[{"embeddable":true,"href":"https:\/\/goerdeler.lspb.de\/wordpress\/wp-json\/wp\/v2\/media\/7299"}],"wp:attachment":[{"href":"https:\/\/goerdeler.lspb.de\/wordpress\/wp-json\/wp\/v2\/media?parent=7298"}],"wp:term":[{"taxonomy":"category","embeddable":true,"href":"https:\/\/goerdeler.lspb.de\/wordpress\/wp-json\/wp\/v2\/categories?post=7298"},{"taxonomy":"post_tag","embeddable":true,"href":"https:\/\/goerdeler.lspb.de\/wordpress\/wp-json\/wp\/v2\/tags?post=7298"}],"curies":[{"name":"wp","href":"https:\/\/api.w.org\/{rel}","templated":true}]}}