{"id":7316,"date":"2017-07-17T13:11:59","date_gmt":"2017-07-17T11:11:59","guid":{"rendered":"http:\/\/goerdeler.lspb.de\/wordpress\/?p=7316"},"modified":"2017-07-17T13:57:03","modified_gmt":"2017-07-17T11:57:03","slug":"abschied-nach-fast-40-jahren-am-goerdeler","status":"publish","type":"post","link":"https:\/\/goerdeler.lspb.de\/wordpress\/abschied-nach-fast-40-jahren-am-goerdeler\/","title":{"rendered":"Abschied nach fast 40 Jahren am Goerdeler"},"content":{"rendered":"<p>Das Goerdeler-Gymnasium feiert im September sein 50j\u00e4hriges Bestehen. Die l\u00e4ngste Zeit hiervon pr\u00e4gte die P\u00e4dagogin Beate Nieke unsere Schule mit: Nach 39 Dienstjahren wurde die bei Sch\u00fclern, Eltern und Kollegen gleicherma\u00dfen gesch\u00e4tzte und beliebte Lehrerin zum Schuljahresende nun in den Ruhestand verabschiedet.<\/p>\n<p>Mit der Lehrbef\u00e4higung f\u00fcr die F\u00e4cher Chemie und Sozialwissenschaften begann Beate Nieke 1978 ihr Referendariat am Goerdeler-Gymnasium und blieb ihrer Schule fortan treu. 1980 wurde sie nach ihrem zweiten Staatsexamen mit einer festen Stelle am Goerdeler eingestellt. 1992 wurde sie zur Oberstudienr\u00e4tin und 2001 zur Studiendirektorin zur Koordinierung schulfachlicher Aufgaben bef\u00f6rdert. Ihre Begeisterung f\u00fcr die beiden F\u00e4cher sowie die Liebe zum Beruf und den Sch\u00fclern waren von Beginn an die Grundlage ihrer Lehrerpers\u00f6nlichkeit. Dass ihr neben der fachlichen Ausbildung die gute menschliche Beziehung zu ihren Sch\u00fclern besonders wichtig war, zeigte sich in der 1990er Jahren in der Entwicklung eines Evaluationsinstruments. Gemeinsam mit der Sch\u00fclervertretung, als deren Verbindungslehrerin sie lange t\u00e4tig war, entwickelte sie einen Fragebogen, mit dessen Hilfe Sch\u00fcler ihren Lehrern R\u00fcckmeldung geben. Sie etablierte damit eine Feedbackkultur, lange bevor das Schulministerium den Schulen diese Empfehlung aussprach.<\/p>\n<p>Das hohe Engagement in allen Arbeitsbereichen der Schule spiegelt sich zudem in der Schulkonferenz-, Lehrerrats-, und Fachkonferenzarbeit, die sie jeweils \u00fcber 30 Jahre lang als Mitglied, Fachvorsitzende f\u00fcr Sozialwissenschaften und zuletzt als Gefahrstoffbeauftragte und Sammlungsleiterin Chemie aktiv mitgestaltete. Als innovativ und voller Tatendrang zeigte sich Beate Nieke auch in zahlreichen Projekten und konzeptionellen Initiativen. So etwa bei Aktivit\u00e4ten mit der polnischen Partnerschule in Przemysl, der Gestaltung von Schulfesten und Gedenktagen, der Organisation des j\u00e4hrlichen Methodentages oder als Schulkoordinatorin f\u00fcr den Wettbewerb \u201eJugend debattiert\u201c. Hier hatte unsere Schule unter ihrer Federf\u00fchrung eine Vorreiterstellung, da das Goerdeler ab 2002 zun\u00e4chst die einzige Schule im Kreis Paderborn war, die den Wettbewerb unter gro\u00dfem Medieninteresse austrug und Erfolge bis zum Bundesfinale erzielte.<\/p>\n<p>Eine Neuerung, die die Bezirksregierung damals als \u201eBest-Practice-Beispiel\u201c anderen Schulen empfahl, entwickelte sie im Team mit Manfred Joachim im Rahmen der Studien- und Berufsorientierung: Noch lange bevor f\u00fcr Gymnasien Berufspraktika vorgesehen waren, organisierten sie 1988 als erstes Paderborner Gymnasium eine Berufsorientierungswoche und richteten ein Berufsorientierungsb\u00fcro mit regelm\u00e4\u00dfigen Sprechzeiten f\u00fcr die Sch\u00fcler ein.<br \/>\nIn einer kleinen Feierstunde brachten Schulleiterin Helga Lazar und das Kollegium der Neupension\u00e4rin ihren pers\u00f6nlichen Dank und Anerkennung ebenso zum Ausdruck wie die W\u00fcnsche f\u00fcr einen zufriedenen und gesunden Ruhestand. Dass dieser f\u00fcr Beate Nieke eher zum \u201eUnruhestand\u201c wird, klang in vielen Beitr\u00e4gen humorvoll an und auch sie selbst bleibt ihrem Tatendrang auch nach dem Berufsleben treu: \u201eSelbst wenn ich 100 werde, w\u00fcrde ich meine Pl\u00e4ne und Vorhaben nicht alle umsetzen k\u00f6nnen!\u201c<\/p>\n<p style=\"text-align: right;\"><em>Text: N. Lamberty-Freckmann <\/em><br \/>\n<em>Foto: privat<\/em><\/p>\n","protected":false},"excerpt":{"rendered":"<p>Das Goerdeler-Gymnasium feiert im September sein 50j\u00e4hriges Bestehen. Die l\u00e4ngste Zeit hiervon pr\u00e4gte die P\u00e4dagogin Beate Nieke unsere Schule mit: Nach 39 Dienstjahren wurde die bei Sch\u00fclern, Eltern und Kollegen gleicherma\u00dfen gesch\u00e4tzte und beliebte Lehrerin zum Schuljahresende nun in den Ruhestand verabschiedet. Mit der Lehrbef\u00e4higung f\u00fcr die F\u00e4cher Chemie und Sozialwissenschaften begann Beate Nieke 1978 [&hellip;]<\/p>\n","protected":false},"author":11,"featured_media":7317,"comment_status":"closed","ping_status":"closed","sticky":false,"template":"","format":"standard","meta":{"_themeisle_gutenberg_block_has_review":false,"footnotes":""},"categories":[140],"tags":[],"class_list":["post-7316","post","type-post","status-publish","format-standard","has-post-thumbnail","hentry","category-aktuelles"],"_links":{"self":[{"href":"https:\/\/goerdeler.lspb.de\/wordpress\/wp-json\/wp\/v2\/posts\/7316","targetHints":{"allow":["GET"]}}],"collection":[{"href":"https:\/\/goerdeler.lspb.de\/wordpress\/wp-json\/wp\/v2\/posts"}],"about":[{"href":"https:\/\/goerdeler.lspb.de\/wordpress\/wp-json\/wp\/v2\/types\/post"}],"author":[{"embeddable":true,"href":"https:\/\/goerdeler.lspb.de\/wordpress\/wp-json\/wp\/v2\/users\/11"}],"replies":[{"embeddable":true,"href":"https:\/\/goerdeler.lspb.de\/wordpress\/wp-json\/wp\/v2\/comments?post=7316"}],"version-history":[{"count":2,"href":"https:\/\/goerdeler.lspb.de\/wordpress\/wp-json\/wp\/v2\/posts\/7316\/revisions"}],"predecessor-version":[{"id":7330,"href":"https:\/\/goerdeler.lspb.de\/wordpress\/wp-json\/wp\/v2\/posts\/7316\/revisions\/7330"}],"wp:featuredmedia":[{"embeddable":true,"href":"https:\/\/goerdeler.lspb.de\/wordpress\/wp-json\/wp\/v2\/media\/7317"}],"wp:attachment":[{"href":"https:\/\/goerdeler.lspb.de\/wordpress\/wp-json\/wp\/v2\/media?parent=7316"}],"wp:term":[{"taxonomy":"category","embeddable":true,"href":"https:\/\/goerdeler.lspb.de\/wordpress\/wp-json\/wp\/v2\/categories?post=7316"},{"taxonomy":"post_tag","embeddable":true,"href":"https:\/\/goerdeler.lspb.de\/wordpress\/wp-json\/wp\/v2\/tags?post=7316"}],"curies":[{"name":"wp","href":"https:\/\/api.w.org\/{rel}","templated":true}]}}