{"id":7319,"date":"2017-07-17T13:28:44","date_gmt":"2017-07-17T11:28:44","guid":{"rendered":"http:\/\/goerdeler.lspb.de\/wordpress\/?p=7319"},"modified":"2017-07-17T16:39:55","modified_gmt":"2017-07-17T14:39:55","slug":"schuelerehrungen-das-beste-kommt-zum-schluss","status":"publish","type":"post","link":"https:\/\/goerdeler.lspb.de\/wordpress\/schuelerehrungen-das-beste-kommt-zum-schluss\/","title":{"rendered":"Sch\u00fclerehrungen: Das Beste kommt zum Schluss"},"content":{"rendered":"<p>Am 14. Juli, dem letzten Schultag vor den Sommerferien, fanden in Anwesenheit der gesamten Schulgemeinde die Ehrungen f\u00fcr besondere Leistungen statt. Unter viel Applaus wurden Goerdeler-Medaillen, Blumen und Urkunden \u00fcberreicht. Das Lernen und Leben in einer Schulgemeinschaft ist bunt und vielf\u00e4ltig, findet innerhalb und au\u00dferhalb von Unterricht statt, in Projektform, bei Wettbewerben, in Form von besonderen Einzelleistungen und in Gruppen. So k\u00f6nnen sich viele Sch\u00fclerinnen und Sch\u00fcler am Goerdeler-Gymnasium gem\u00e4\u00df ihrer Interessen und Vorlieben engagieren und ihre jeweiligen St\u00e4rken zeigen. Im Laufe eines Schuljahres kommen folglich in ganz unterschiedlichen Bereichen erstaunliche Gruppen- oder Einzelleistungen zustande. Geehrt werden nicht nur herausragende fachliche Leistungen, sondern auch bemerkenswertes soziales Engagement.<\/p>\n<p>Die diesj\u00e4hrige Feier begann mit dem klassenweisen Einzug der Sch\u00fclerschaft in die Turnhalle und der Begr\u00fc\u00dfung durch Schulleiterin Helga Lazar. Sie dankte dem Vorbereitungsteam und gratulierte allen zu ehrende Sch\u00fclerinnen und Sch\u00fcler. Die Sch\u00fclerehrung hob sie als eine wichtige St\u00e4rkung einer Kultur der Wertsch\u00e4tzung von individuellen und gemeinschaftlichen Leistungen hervor<em>.<\/em> Mark St\u00fccher (EF) und Jan St\u00fccher (Q1) moderierten die Veranstaltung. Die einzelnen Ehrungen nahmen anschlie\u00dfend die jeweils f\u00fcr die einzelnen Wettbewerbe verantwortlichen Lehrerinnen und Lehrer vor. Neben der Auszeichnung der Sch\u00fclerinnen und Sch\u00fcler durch Urkunden und Medaillen, wurden auf diese Weise auch die einzelnen Veranstaltungen, Arbeitsgemeinschaften und Wettbewerbe vorgestellt.<\/p>\n<p>Die Goerdeler-Medaillen und Urkunden gingen in diesem Jahr an:<\/p>\n<ul>\n<li>die Jahrgangsbesten der Klassenstufen 5-Q2,<\/li>\n<li>Verfasser besonders pr\u00e4mierter Facharbeiten,<\/li>\n<li>die erfolgreichsten Teilnehmer des schulinternen Mathewettbewerbs \u201eProblem des Monats\u201c und des K\u00e4nguru-Wettbewerbs,<\/li>\n<li>die Sch\u00fclervertretung<\/li>\n<li>die Sporthelfer<\/li>\n<li>die Sch\u00fclerinnen und Sch\u00fcler des Expertenprojekts in Klasse 6<\/li>\n<li>Sch\u00fclerinnen und Sch\u00fcler mit besonderem Engagement f\u00fcr die Schulgemeinschaft,<\/li>\n<li>die Absolventen des DELF-Sprachendiploms,<\/li>\n<li>die erfolgreichen \u201eJugend debattiert\u201c &#8211; Teilnehmer,<\/li>\n<li>die Klasse 8c f\u00fcr besonders erfolgreiches Ablegen des Sportabzeichens,<\/li>\n<li>die Hip-Hop-AG<\/li>\n<li>die Sch\u00fclerzeitung,<\/li>\n<li>und die Licht-und Tontechnik \u2013AG.<\/li>\n<\/ul>\n<p>[gallery_bank type=&#8220;images&#8220; format=&#8220;masonry&#8220; title=&#8220;true&#8220; desc=&#8220;false&#8220; responsive=&#8220;true&#8220; display=&#8220;all&#8220; sort_by=&#8220;pic_id&#8220; animation_effect=&#8220;bounce&#8220; album_title=&#8220;false&#8220; album_id=&#8220;30&#8243;]<\/p>\n<p>Schlie\u00dflich galt es noch Danke zu sagen bei dem gesamten Organisationsteam um Ute T\u00fcnsmeyer und Martin Freudenreich, dem Licht- und Technikteam und dem F\u00f6rderverein, der die Veranstaltung finanziell unterst\u00fctzt. Die Sch\u00fclerehrung ist eine gro\u00dfe Bereicherung f\u00fcr das Schulleben und eine wichtige St\u00e4rkung einer Kultur der \u00f6ffentlichen Wertsch\u00e4tzung und Ehrung von individuellen und gemeinschaftlichen Leistungen.<em>\u00a0<\/em><br \/>\nDie Goerdeler-Schulgemeinde startete nach der sich anschlie\u00dfenden Zeugnisausgabe gutgelaunt in die Sommerferien!<\/p>\n<p style=\"text-align: right;\"><em>Text\/Fotos: N. Lamberty-Freckmann<\/em><\/p>\n","protected":false},"excerpt":{"rendered":"<p>Am 14. Juli, dem letzten Schultag vor den Sommerferien, fanden in Anwesenheit der gesamten Schulgemeinde die Ehrungen f\u00fcr besondere Leistungen statt. Unter viel Applaus wurden Goerdeler-Medaillen, Blumen und Urkunden \u00fcberreicht. Das Lernen und Leben in einer Schulgemeinschaft ist bunt und vielf\u00e4ltig, findet innerhalb und au\u00dferhalb von Unterricht statt, in Projektform, bei Wettbewerben, in Form von [&hellip;]<\/p>\n","protected":false},"author":11,"featured_media":7326,"comment_status":"closed","ping_status":"closed","sticky":false,"template":"","format":"standard","meta":{"_themeisle_gutenberg_block_has_review":false,"footnotes":""},"categories":[140],"tags":[],"class_list":["post-7319","post","type-post","status-publish","format-standard","has-post-thumbnail","hentry","category-aktuelles"],"_links":{"self":[{"href":"https:\/\/goerdeler.lspb.de\/wordpress\/wp-json\/wp\/v2\/posts\/7319","targetHints":{"allow":["GET"]}}],"collection":[{"href":"https:\/\/goerdeler.lspb.de\/wordpress\/wp-json\/wp\/v2\/posts"}],"about":[{"href":"https:\/\/goerdeler.lspb.de\/wordpress\/wp-json\/wp\/v2\/types\/post"}],"author":[{"embeddable":true,"href":"https:\/\/goerdeler.lspb.de\/wordpress\/wp-json\/wp\/v2\/users\/11"}],"replies":[{"embeddable":true,"href":"https:\/\/goerdeler.lspb.de\/wordpress\/wp-json\/wp\/v2\/comments?post=7319"}],"version-history":[{"count":8,"href":"https:\/\/goerdeler.lspb.de\/wordpress\/wp-json\/wp\/v2\/posts\/7319\/revisions"}],"predecessor-version":[{"id":7332,"href":"https:\/\/goerdeler.lspb.de\/wordpress\/wp-json\/wp\/v2\/posts\/7319\/revisions\/7332"}],"wp:featuredmedia":[{"embeddable":true,"href":"https:\/\/goerdeler.lspb.de\/wordpress\/wp-json\/wp\/v2\/media\/7326"}],"wp:attachment":[{"href":"https:\/\/goerdeler.lspb.de\/wordpress\/wp-json\/wp\/v2\/media?parent=7319"}],"wp:term":[{"taxonomy":"category","embeddable":true,"href":"https:\/\/goerdeler.lspb.de\/wordpress\/wp-json\/wp\/v2\/categories?post=7319"},{"taxonomy":"post_tag","embeddable":true,"href":"https:\/\/goerdeler.lspb.de\/wordpress\/wp-json\/wp\/v2\/tags?post=7319"}],"curies":[{"name":"wp","href":"https:\/\/api.w.org\/{rel}","templated":true}]}}