{"id":7367,"date":"2017-08-25T14:43:07","date_gmt":"2017-08-25T12:43:07","guid":{"rendered":"http:\/\/goerdeler.lspb.de\/wordpress\/?p=7367"},"modified":"2017-08-25T14:43:07","modified_gmt":"2017-08-25T12:43:07","slug":"schulfahrt-anlaesslich-des-50-jaehrigen-schuljubilaeums-nach-leipzig","status":"publish","type":"post","link":"https:\/\/goerdeler.lspb.de\/wordpress\/schulfahrt-anlaesslich-des-50-jaehrigen-schuljubilaeums-nach-leipzig\/","title":{"rendered":"Schulfahrt anl\u00e4sslich des 50-j\u00e4hrigen Schuljubil\u00e4ums nach Leipzig"},"content":{"rendered":"<p>Im Rahmen des 50-j\u00e4hrigen Bestehens des Goerdeler-Gymnasiums werden wir auf einer Tagesfahrt die Wirkungsst\u00e4tte des Namensgebers unserer Schule, Carl-Friedrich Goerdeler, besuchen, der von 1930 bis 1937 Oberb\u00fcrgermeister von Leipzig war.<br \/>\nAlle Sch\u00fclerinnen und Sch\u00fcler sowie alle Lehrerinnen und Lehrer fahren somit am Freitag, 8. September 2017 mit einem Sonderzug nach Leipzig. Abfahrt am Hauptbahnhof in Paderborn ist um 7.30 Uhr, die R\u00fcckkehr ist f\u00fcr 23.30 Uhr geplant.<\/p>\n<p>Vor Ort werden wir etwa 6 Stunden Aufenthalt haben, f\u00fcr den einige Programmpunkte vorgesehen sind. Die Sekundarstufe I teilt sich dabei auf und besucht den Zoologischen Garten (einer der artenreichsten Zoos in Europa und der beste Zoo Deutschlands [laut Sheridan-Zoo-Ranking]), den Mitteldeutschen Rundfunk (MDR) mit F\u00fchrung und das V\u00f6lkerschlachtdenkmal (eines der gr\u00f6\u00dften Denkm\u00e4ler Europas, das anl\u00e4sslich der V\u00f6lkerschlacht bei Leipzig [1813] errichtet wurde).<br \/>\nF\u00fcr die Oberstufe stehen weiterhin Programmpunkte wie Grassi-Museum, Botanischer Garten, Naturkundemuseum, Stadtgeschichtliches Museum, Museum f\u00fcr zeitgen\u00f6ssische Kunst, Musik in Leipzig und ein Stadionbesuch zur Auswahl.<\/p>\n<p>Im Anschluss an die festen Programmpunkte erfolgt eine Erkundung der Leipziger Innenstadt, einschlie\u00dflich Thomaskirche, Auerbachs Keller und des Neuen Rathauses, an dem sich das Goerdeler-Denkmal befindet. Die verbleibende Zeit ist zur freien Verf\u00fcgung und kann zur Erkundung der Stadt in kleinen Gruppen genutzt werden.<\/p>\n","protected":false},"excerpt":{"rendered":"<p>Im Rahmen des 50-j\u00e4hrigen Bestehens des Goerdeler-Gymnasiums werden wir auf einer Tagesfahrt die Wirkungsst\u00e4tte des Namensgebers unserer Schule, Carl-Friedrich Goerdeler, besuchen, der von 1930 bis 1937 Oberb\u00fcrgermeister von Leipzig war. Alle Sch\u00fclerinnen und Sch\u00fcler sowie alle Lehrerinnen und Lehrer fahren somit am Freitag, 8. September 2017 mit einem Sonderzug nach Leipzig. Abfahrt am Hauptbahnhof in [&hellip;]<\/p>\n","protected":false},"author":11,"featured_media":6032,"comment_status":"closed","ping_status":"closed","sticky":false,"template":"","format":"standard","meta":{"_themeisle_gutenberg_block_has_review":false,"footnotes":""},"categories":[140],"tags":[],"class_list":["post-7367","post","type-post","status-publish","format-standard","has-post-thumbnail","hentry","category-aktuelles"],"_links":{"self":[{"href":"https:\/\/goerdeler.lspb.de\/wordpress\/wp-json\/wp\/v2\/posts\/7367","targetHints":{"allow":["GET"]}}],"collection":[{"href":"https:\/\/goerdeler.lspb.de\/wordpress\/wp-json\/wp\/v2\/posts"}],"about":[{"href":"https:\/\/goerdeler.lspb.de\/wordpress\/wp-json\/wp\/v2\/types\/post"}],"author":[{"embeddable":true,"href":"https:\/\/goerdeler.lspb.de\/wordpress\/wp-json\/wp\/v2\/users\/11"}],"replies":[{"embeddable":true,"href":"https:\/\/goerdeler.lspb.de\/wordpress\/wp-json\/wp\/v2\/comments?post=7367"}],"version-history":[{"count":2,"href":"https:\/\/goerdeler.lspb.de\/wordpress\/wp-json\/wp\/v2\/posts\/7367\/revisions"}],"predecessor-version":[{"id":7369,"href":"https:\/\/goerdeler.lspb.de\/wordpress\/wp-json\/wp\/v2\/posts\/7367\/revisions\/7369"}],"wp:featuredmedia":[{"embeddable":true,"href":"https:\/\/goerdeler.lspb.de\/wordpress\/wp-json\/wp\/v2\/media\/6032"}],"wp:attachment":[{"href":"https:\/\/goerdeler.lspb.de\/wordpress\/wp-json\/wp\/v2\/media?parent=7367"}],"wp:term":[{"taxonomy":"category","embeddable":true,"href":"https:\/\/goerdeler.lspb.de\/wordpress\/wp-json\/wp\/v2\/categories?post=7367"},{"taxonomy":"post_tag","embeddable":true,"href":"https:\/\/goerdeler.lspb.de\/wordpress\/wp-json\/wp\/v2\/tags?post=7367"}],"curies":[{"name":"wp","href":"https:\/\/api.w.org\/{rel}","templated":true}]}}