{"id":7372,"date":"2017-09-01T05:56:36","date_gmt":"2017-09-01T03:56:36","guid":{"rendered":"http:\/\/goerdeler.lspb.de\/wordpress\/?p=7372"},"modified":"2017-09-01T05:56:36","modified_gmt":"2017-09-01T03:56:36","slug":"112-neue-am-goerdeler-herzlich-willkommen","status":"publish","type":"post","link":"https:\/\/goerdeler.lspb.de\/wordpress\/112-neue-am-goerdeler-herzlich-willkommen\/","title":{"rendered":"112 Neue am Goerdeler \u2013 Herzlich willkommen!"},"content":{"rendered":"<p>84 F\u00fcnftkl\u00e4ssler und 28 neue Sch\u00fcler f\u00fcr die gymnasiale Oberstufe in der Einf\u00fchrungsphase d\u00fcrfen wir zu Schuljahresbeginn an unserer Schule willkommen hei\u00dfen. Mit einer Einschulungsfeier in der benachbarten Johanneskirche und der Aula wurden die j\u00fcngsten Neuzug\u00e4nge zusammen mit ihren Familien besonders herzlich empfangen.<\/p>\n<p>Der erste Schultag begann f\u00fcr unsere drei neuen f\u00fcnften Klassen mit einem \u00f6kumenischen Gottesdienst. Unter das Motto \u201eIch pack\u2019s! \u2013 Mit Vertrauen neue Wege gehen\u201c hatten Sch\u00fclerinnen und Sch\u00fcler der sechsten Klassen die Feier gestellt und machten gemeinsam mit Pastorin Britta Schwiete den neuen Sch\u00fclern viel Mut f\u00fcr den \u201eUmzug\u201c und den Neubeginn am Goerdeler. Die vorgetragenen Texte und Lieder vermittelten die Gewissheit, dass Gott Begleiter und Besch\u00fctzer auf allen Wegen ist und die menschliche Gemeinschaft st\u00e4rkt. Nach dem Gottesdienst fanden sich die M\u00e4dchen und Jungen mit ihren Familien in der Aula ein und wurden von der \u201eYoung Band\u201c fr\u00f6hlich und schwungvoll mit Melodien aus \u201eGrease\u201c empfangen. Nach der musikalischen Begr\u00fc\u00dfung hie\u00df Schulleiterin Helga Lazar alle G\u00e4ste herzlich willkommen und schloss sich in ihrer Ansprache den guten W\u00fcnschen aus dem Gottesdienst an.<br \/>\nSchlie\u00dflich folgte der spannende Moment: Die Sch\u00fclerinnen und Sch\u00fcler wurden von ihren neuen Klassenleitungen namentlich nach vorne gebeten und stellten sich so nach und nach auf der Aulab\u00fchne zu drei neuen Klassen auf. Mit einem Ball und einer Blume als Willkommensgeschenk f\u00fcr jede Klassen machten sich die Kinder dann auf Weg in die neuen Klassenr\u00e4ume.<\/p>\n<p>[gallery_bank type=&#8220;images&#8220; format=&#8220;masonry&#8220; title=&#8220;true&#8220; desc=&#8220;false&#8220; responsive=&#8220;true&#8220; display=&#8220;all&#8220; sort_by=&#8220;pic_id&#8220; animation_effect=&#8220;bounce&#8220; album_title=&#8220;false&#8220; album_id=&#8220;31&#8243;]<\/p>\n<p>Dort erlebten sie als 5a (Frau Busche \/ Herr Hauk), 5b (Frau Weber\/Herr Schumacher) und 5c (Frau Dietrich\/Frau Bunse) eine erste Unterrichtsstunde am Goerdeler, in der zun\u00e4chst viel Material zu verteilen und Organisatorisches f\u00fcr einen reibungslosen Schulstart zu besprechen war. Nach der Aufnahme eines Klassenfotos konnten die Neuen dann mit vielen Eindr\u00fccken und gef\u00fcllter Schultasche zur\u00fcck zu ihren Eltern gehen, die unterdessen bei Kaffee und Keksen zu einem gem\u00fctlichen Zusammensein in die Mensa eingeladen waren.<\/p>\n<p>In den n\u00e4chsten Tagen werden die Klassenleitungsteams die neuen f\u00fcnften Klassen besonders intensiv begleiten, dem methodischen und sozialen Lernen viel Raum geben, und so den Start in eine sch\u00f6ne Schulzeit am Goerdeler erleichtern. Die Schulgemeinde w\u00fcnscht allen neuen Sch\u00fclerinnen und Sch\u00fclern einen guten Start und stets viel Freude und Erfolg am Goerdeler-Gymnasium!<\/p>\n<p style=\"text-align: right;\"><em>Text\/Fotos: N. Lamberty-Freckmann<\/em><\/p>\n<p>&nbsp;<\/p>\n","protected":false},"excerpt":{"rendered":"<p>84 F\u00fcnftkl\u00e4ssler und 28 neue Sch\u00fcler f\u00fcr die gymnasiale Oberstufe in der Einf\u00fchrungsphase d\u00fcrfen wir zu Schuljahresbeginn an unserer Schule willkommen hei\u00dfen. Mit einer Einschulungsfeier in der benachbarten Johanneskirche und der Aula wurden die j\u00fcngsten Neuzug\u00e4nge zusammen mit ihren Familien besonders herzlich empfangen. Der erste Schultag begann f\u00fcr unsere drei neuen f\u00fcnften Klassen mit einem [&hellip;]<\/p>\n","protected":false},"author":11,"featured_media":7377,"comment_status":"closed","ping_status":"closed","sticky":false,"template":"","format":"standard","meta":{"_themeisle_gutenberg_block_has_review":false,"footnotes":""},"categories":[140],"tags":[],"class_list":["post-7372","post","type-post","status-publish","format-standard","has-post-thumbnail","hentry","category-aktuelles"],"_links":{"self":[{"href":"https:\/\/goerdeler.lspb.de\/wordpress\/wp-json\/wp\/v2\/posts\/7372","targetHints":{"allow":["GET"]}}],"collection":[{"href":"https:\/\/goerdeler.lspb.de\/wordpress\/wp-json\/wp\/v2\/posts"}],"about":[{"href":"https:\/\/goerdeler.lspb.de\/wordpress\/wp-json\/wp\/v2\/types\/post"}],"author":[{"embeddable":true,"href":"https:\/\/goerdeler.lspb.de\/wordpress\/wp-json\/wp\/v2\/users\/11"}],"replies":[{"embeddable":true,"href":"https:\/\/goerdeler.lspb.de\/wordpress\/wp-json\/wp\/v2\/comments?post=7372"}],"version-history":[{"count":4,"href":"https:\/\/goerdeler.lspb.de\/wordpress\/wp-json\/wp\/v2\/posts\/7372\/revisions"}],"predecessor-version":[{"id":7376,"href":"https:\/\/goerdeler.lspb.de\/wordpress\/wp-json\/wp\/v2\/posts\/7372\/revisions\/7376"}],"wp:featuredmedia":[{"embeddable":true,"href":"https:\/\/goerdeler.lspb.de\/wordpress\/wp-json\/wp\/v2\/media\/7377"}],"wp:attachment":[{"href":"https:\/\/goerdeler.lspb.de\/wordpress\/wp-json\/wp\/v2\/media?parent=7372"}],"wp:term":[{"taxonomy":"category","embeddable":true,"href":"https:\/\/goerdeler.lspb.de\/wordpress\/wp-json\/wp\/v2\/categories?post=7372"},{"taxonomy":"post_tag","embeddable":true,"href":"https:\/\/goerdeler.lspb.de\/wordpress\/wp-json\/wp\/v2\/tags?post=7372"}],"curies":[{"name":"wp","href":"https:\/\/api.w.org\/{rel}","templated":true}]}}