{"id":7929,"date":"2018-04-18T15:10:53","date_gmt":"2018-04-18T13:10:53","guid":{"rendered":"http:\/\/goerdeler.lspb.de\/wordpress\/?p=7929"},"modified":"2018-04-18T15:10:53","modified_gmt":"2018-04-18T13:10:53","slug":"e-mobilitaetgoerdeler","status":"publish","type":"post","link":"https:\/\/goerdeler.lspb.de\/wordpress\/e-mobilitaetgoerdeler\/","title":{"rendered":"E-Mobilit\u00e4t@goerdeler"},"content":{"rendered":"<p>Die Neuntkl\u00e4ssler unseres Gymnasiums besuchten am vergangenen Freitag einen besonderen Physikunterricht \u2013 sie erlebten eine Doppelstunde auf dem Schulhof mit und in einem Elektro-Auto.<br \/>\nAuf Einladung von MINT-Koordinator Dr. Reinhard Michel war Christiane Pfingst von der Deutschen Umwelt-Aktion (DAU) mit einem Elektromobil \u201ezum Anfassen\u201c zu Gast. In Zusammenarbeit mit Westfalen Weser Energie bietet die DAU derzeit Schuleinheiten zum Thema Elektromobilit\u00e4t an weiterf\u00fchrenden Schulen der Region an. Nun konnten sich auch die Sch\u00fcler aller drei neunten Klassen des Goerdelers mit dieser aktuellen Thematik auseinandersetzen. Die Jugendlichen nahmen das Elektrofahrzeug selbst eingehend unter die Lupe und erkundeten z.B. wie der Motor aussieht, wie das Laden der Batterie funktioniert und welche Fahrger\u00e4usche das Auto macht. Frau Pfingst erarbeitete mit den Klassen einen \u00dcberblick \u00fcber die M\u00f6glichkeiten der Elektromobilit\u00e4t und ihre Vor- und Nachteile im Vergleich zu herk\u00f6mmlich benzinbetriebenen Fahrzeugen. Besonders wichtig war in diesem umweltp\u00e4dagogischen Projekt nat\u00fcrlich der Aspekt der Umweltvertr\u00e4glichkeit der ger\u00e4uscharmen, schadstofffreien Elektroautos. Unser Beitragsbild zeigt die Klasse 9b beim Praxisteil auf dem Schulhof.<\/p>\n<p style=\"text-align: right;\"><em>Text: N. Lamberty-Freckmann<\/em><br \/>\n<em>Foto: Dr. R. Michel<\/em><\/p>\n<p>&nbsp;<\/p>\n","protected":false},"excerpt":{"rendered":"<p>Die Neuntkl\u00e4ssler unseres Gymnasiums besuchten am vergangenen Freitag einen besonderen Physikunterricht \u2013 sie erlebten eine Doppelstunde auf dem Schulhof mit und in einem Elektro-Auto. Auf Einladung von MINT-Koordinator Dr. Reinhard Michel war Christiane Pfingst von der Deutschen Umwelt-Aktion (DAU) mit einem Elektromobil \u201ezum Anfassen\u201c zu Gast. In Zusammenarbeit mit Westfalen Weser Energie bietet die DAU [&hellip;]<\/p>\n","protected":false},"author":11,"featured_media":7930,"comment_status":"closed","ping_status":"closed","sticky":false,"template":"","format":"standard","meta":{"_themeisle_gutenberg_block_has_review":false,"footnotes":""},"categories":[140],"tags":[],"class_list":["post-7929","post","type-post","status-publish","format-standard","has-post-thumbnail","hentry","category-aktuelles"],"_links":{"self":[{"href":"https:\/\/goerdeler.lspb.de\/wordpress\/wp-json\/wp\/v2\/posts\/7929","targetHints":{"allow":["GET"]}}],"collection":[{"href":"https:\/\/goerdeler.lspb.de\/wordpress\/wp-json\/wp\/v2\/posts"}],"about":[{"href":"https:\/\/goerdeler.lspb.de\/wordpress\/wp-json\/wp\/v2\/types\/post"}],"author":[{"embeddable":true,"href":"https:\/\/goerdeler.lspb.de\/wordpress\/wp-json\/wp\/v2\/users\/11"}],"replies":[{"embeddable":true,"href":"https:\/\/goerdeler.lspb.de\/wordpress\/wp-json\/wp\/v2\/comments?post=7929"}],"version-history":[{"count":1,"href":"https:\/\/goerdeler.lspb.de\/wordpress\/wp-json\/wp\/v2\/posts\/7929\/revisions"}],"predecessor-version":[{"id":7931,"href":"https:\/\/goerdeler.lspb.de\/wordpress\/wp-json\/wp\/v2\/posts\/7929\/revisions\/7931"}],"wp:featuredmedia":[{"embeddable":true,"href":"https:\/\/goerdeler.lspb.de\/wordpress\/wp-json\/wp\/v2\/media\/7930"}],"wp:attachment":[{"href":"https:\/\/goerdeler.lspb.de\/wordpress\/wp-json\/wp\/v2\/media?parent=7929"}],"wp:term":[{"taxonomy":"category","embeddable":true,"href":"https:\/\/goerdeler.lspb.de\/wordpress\/wp-json\/wp\/v2\/categories?post=7929"},{"taxonomy":"post_tag","embeddable":true,"href":"https:\/\/goerdeler.lspb.de\/wordpress\/wp-json\/wp\/v2\/tags?post=7929"}],"curies":[{"name":"wp","href":"https:\/\/api.w.org\/{rel}","templated":true}]}}