{"id":7932,"date":"2018-04-20T10:22:30","date_gmt":"2018-04-20T08:22:30","guid":{"rendered":"http:\/\/goerdeler.lspb.de\/wordpress\/?p=7932"},"modified":"2018-04-20T10:22:30","modified_gmt":"2018-04-20T08:22:30","slug":"felicitation-delf-zertifikate-2018","status":"publish","type":"post","link":"https:\/\/goerdeler.lspb.de\/wordpress\/felicitation-delf-zertifikate-2018\/","title":{"rendered":"F\u00e9licitation!  DELF-Zertifikate 2018"},"content":{"rendered":"<p>Elf Kandidatinnen des Goerdeler-Gymnasiums konnte im April zum bestandenen Sprachdiplom DELF (Dipl\u00f4me d\u2019\u00e9tudes en langue fran\u00e7aise) gratuliert werden.<br \/>\nDrei Sch\u00fclerinnen aus der Jahrgangsstufe 8 erreichten das Niveau A1: Amelie Gamm, Jule Lohmann und Johanna Mertens. Und f\u00fcr das Niveau A2, welches f\u00fcr Bewerbungen sehr vorteilhaft ist, wurden vier Sch\u00fclerinnen, ebenfalls von Frau Leubecher, erfolgreich vorbereitet: Jiyan Aslan, Juliana-Marie Heger, Maja H\u00f6rstmann und Samanta Zajonz.<br \/>\nDie Sch\u00fclerinnen aus der Oberstufe wurden von Frau Michels vorbereitet. Sie erreichten mit Erfolg das Niveau B1: Bet\u00fcl Feyza Derman, Sophie Gr\u00fcnder, Lucia Menke und Rabia Turan.<\/p>\n<p>Durch das Diplom mit dem Siegel des Minist\u00e8re de l\u2019Education Nationale wird best\u00e4tigt, dass die Absolventen \u00fcber gute Sprachkenntnisse verf\u00fcgen und die franz\u00f6sische Sprache m\u00fcndlich und schriftlich in unterschiedlichen Situationen des allt\u00e4glichen Lebens sicher anwenden k\u00f6nnen. Das DELF-Zertifikat ist das einzige vom franz\u00f6sischen Bildungsministerium anerkannte Sprachdiplom f\u00fcr Franz\u00f6sisch als Fremdsprache mit internationaler G\u00fcltigkeit.<\/p>\n<p>Gefreut haben sich alle Pr\u00fcflinge auch dar\u00fcber, dass der F\u00f6rderverein des Goerdeler-Gymnasiums sie bei den Pr\u00fcfungsgeb\u00fchren gro\u00dfz\u00fcgig finanziell unterst\u00fctzt hat und so ihr \u00fcber den Unterricht hinausgehendes Engagement gew\u00fcrdigt wurde.<\/p>\n<p>F\u00e9licitations aux \u00e9l\u00e8ves!<\/p>\n<p style=\"text-align: right;\"><em>Text: S. Michels<\/em><br \/>\n<em> Foto: N. Lamberty-Freckmann<\/em><\/p>\n","protected":false},"excerpt":{"rendered":"<p>Elf Kandidatinnen des Goerdeler-Gymnasiums konnte im April zum bestandenen Sprachdiplom DELF (Dipl\u00f4me d\u2019\u00e9tudes en langue fran\u00e7aise) gratuliert werden. Drei Sch\u00fclerinnen aus der Jahrgangsstufe 8 erreichten das Niveau A1: Amelie Gamm, Jule Lohmann und Johanna Mertens. Und f\u00fcr das Niveau A2, welches f\u00fcr Bewerbungen sehr vorteilhaft ist, wurden vier Sch\u00fclerinnen, ebenfalls von Frau Leubecher, erfolgreich vorbereitet: [&hellip;]<\/p>\n","protected":false},"author":11,"featured_media":7934,"comment_status":"closed","ping_status":"closed","sticky":false,"template":"","format":"standard","meta":{"_themeisle_gutenberg_block_has_review":false,"footnotes":""},"categories":[140],"tags":[],"class_list":["post-7932","post","type-post","status-publish","format-standard","has-post-thumbnail","hentry","category-aktuelles"],"_links":{"self":[{"href":"https:\/\/goerdeler.lspb.de\/wordpress\/wp-json\/wp\/v2\/posts\/7932","targetHints":{"allow":["GET"]}}],"collection":[{"href":"https:\/\/goerdeler.lspb.de\/wordpress\/wp-json\/wp\/v2\/posts"}],"about":[{"href":"https:\/\/goerdeler.lspb.de\/wordpress\/wp-json\/wp\/v2\/types\/post"}],"author":[{"embeddable":true,"href":"https:\/\/goerdeler.lspb.de\/wordpress\/wp-json\/wp\/v2\/users\/11"}],"replies":[{"embeddable":true,"href":"https:\/\/goerdeler.lspb.de\/wordpress\/wp-json\/wp\/v2\/comments?post=7932"}],"version-history":[{"count":2,"href":"https:\/\/goerdeler.lspb.de\/wordpress\/wp-json\/wp\/v2\/posts\/7932\/revisions"}],"predecessor-version":[{"id":7935,"href":"https:\/\/goerdeler.lspb.de\/wordpress\/wp-json\/wp\/v2\/posts\/7932\/revisions\/7935"}],"wp:featuredmedia":[{"embeddable":true,"href":"https:\/\/goerdeler.lspb.de\/wordpress\/wp-json\/wp\/v2\/media\/7934"}],"wp:attachment":[{"href":"https:\/\/goerdeler.lspb.de\/wordpress\/wp-json\/wp\/v2\/media?parent=7932"}],"wp:term":[{"taxonomy":"category","embeddable":true,"href":"https:\/\/goerdeler.lspb.de\/wordpress\/wp-json\/wp\/v2\/categories?post=7932"},{"taxonomy":"post_tag","embeddable":true,"href":"https:\/\/goerdeler.lspb.de\/wordpress\/wp-json\/wp\/v2\/tags?post=7932"}],"curies":[{"name":"wp","href":"https:\/\/api.w.org\/{rel}","templated":true}]}}