{"id":7943,"date":"2018-04-25T14:05:33","date_gmt":"2018-04-25T12:05:33","guid":{"rendered":"http:\/\/goerdeler.lspb.de\/wordpress\/?p=7943"},"modified":"2018-05-03T12:57:08","modified_gmt":"2018-05-03T10:57:08","slug":"2-elternsprechtag-201718","status":"publish","type":"post","link":"https:\/\/goerdeler.lspb.de\/wordpress\/2-elternsprechtag-201718\/","title":{"rendered":"2. Elternsprechtag 2017\/18"},"content":{"rendered":"<p>Zum 2. Elternsprechtag des Schuljahres 2017\/2018 am<\/p>\n<p><strong>Donnerstag, den 03.05.2018 , in der Zeit von 15.00\u00a0&#8211; 18.00 Uhr<\/strong><\/p>\n<p>laden\u00a0wir hiermit herzlich ein. Der Elternsprechtag dient dem kurzen Informationsaustausch zwischen Eltern und Lehrkr\u00e4ften und soll Ihnen die M\u00f6glichkeit bieten, m\u00f6glichst viele Lehrpersonen an einem Tag aufzusuchen, um sich in zeitlich begrenzten Gespr\u00e4chen (5-Minuten-Takt) ein umfassendes Bild von der schulischen Situation Ihrer Kinder zu verschaffen.<\/p>\n<p>Die komplette Einladung finden Sie <a href=\"https:\/\/bid.lspb.de\/explorer\/ViewDocument\/1306838\/\">hier<\/a>.<\/p>\n<p><a href=\"https:\/\/bid.lspb.de\/explorer\/ViewDocument\/1307145\/\">Hier<\/a> sind die\u00a0aktuellen Raumpl\u00e4ne\u00a0ersichtlich.<\/p>\n<p><span style=\"color: #000000;\">Frau\u00a0Klar ist\u00a0heute leider\u00a0nicht anwesend.<\/span><\/p>\n","protected":false},"excerpt":{"rendered":"<p>Zum 2. Elternsprechtag des Schuljahres 2017\/2018 am Donnerstag, den 03.05.2018 , in der Zeit von 15.00\u00a0&#8211; 18.00 Uhr laden\u00a0wir hiermit herzlich ein. Der Elternsprechtag dient dem kurzen Informationsaustausch zwischen Eltern und Lehrkr\u00e4ften und soll Ihnen die M\u00f6glichkeit bieten, m\u00f6glichst viele Lehrpersonen an einem Tag aufzusuchen, um sich in zeitlich begrenzten Gespr\u00e4chen (5-Minuten-Takt) ein umfassendes Bild [&hellip;]<\/p>\n","protected":false},"author":11,"featured_media":6623,"comment_status":"closed","ping_status":"closed","sticky":false,"template":"","format":"standard","meta":{"_themeisle_gutenberg_block_has_review":false,"footnotes":""},"categories":[140],"tags":[],"class_list":["post-7943","post","type-post","status-publish","format-standard","has-post-thumbnail","hentry","category-aktuelles"],"_links":{"self":[{"href":"https:\/\/goerdeler.lspb.de\/wordpress\/wp-json\/wp\/v2\/posts\/7943","targetHints":{"allow":["GET"]}}],"collection":[{"href":"https:\/\/goerdeler.lspb.de\/wordpress\/wp-json\/wp\/v2\/posts"}],"about":[{"href":"https:\/\/goerdeler.lspb.de\/wordpress\/wp-json\/wp\/v2\/types\/post"}],"author":[{"embeddable":true,"href":"https:\/\/goerdeler.lspb.de\/wordpress\/wp-json\/wp\/v2\/users\/11"}],"replies":[{"embeddable":true,"href":"https:\/\/goerdeler.lspb.de\/wordpress\/wp-json\/wp\/v2\/comments?post=7943"}],"version-history":[{"count":5,"href":"https:\/\/goerdeler.lspb.de\/wordpress\/wp-json\/wp\/v2\/posts\/7943\/revisions"}],"predecessor-version":[{"id":7974,"href":"https:\/\/goerdeler.lspb.de\/wordpress\/wp-json\/wp\/v2\/posts\/7943\/revisions\/7974"}],"wp:featuredmedia":[{"embeddable":true,"href":"https:\/\/goerdeler.lspb.de\/wordpress\/wp-json\/wp\/v2\/media\/6623"}],"wp:attachment":[{"href":"https:\/\/goerdeler.lspb.de\/wordpress\/wp-json\/wp\/v2\/media?parent=7943"}],"wp:term":[{"taxonomy":"category","embeddable":true,"href":"https:\/\/goerdeler.lspb.de\/wordpress\/wp-json\/wp\/v2\/categories?post=7943"},{"taxonomy":"post_tag","embeddable":true,"href":"https:\/\/goerdeler.lspb.de\/wordpress\/wp-json\/wp\/v2\/tags?post=7943"}],"curies":[{"name":"wp","href":"https:\/\/api.w.org\/{rel}","templated":true}]}}