{"id":9429,"date":"2019-11-06T12:47:09","date_gmt":"2019-11-06T11:47:09","guid":{"rendered":"https:\/\/goerdeler.lspb.de\/wordpress\/?p=9429"},"modified":"2019-12-09T13:59:49","modified_gmt":"2019-12-09T12:59:49","slug":"tag-der-offenen-tuer-am-07-dezember","status":"publish","type":"post","link":"https:\/\/goerdeler.lspb.de\/wordpress\/tag-der-offenen-tuer-am-07-dezember\/","title":{"rendered":"Tag der offenen T\u00fcr am 07. Dezember"},"content":{"rendered":"\n<p>Das Goerdeler-Gymnasium l\u00e4dt am Samstag, dem 07. Dezember von 8.30 Uhr\nbis 12.30 Uhr herzlich ein zum <strong>Tag der\noffenen T\u00fcr. <\/strong>Viertkl\u00e4ssler und ihre Eltern sowie k\u00fcnftige Sch\u00fcler der\nEinf\u00fchrungsphase sind herzlich eingeladen die Schule zu erkunden und sich bei\nVortr\u00e4gen, Beratungsangeboten und Mitmach-Aktivit\u00e4ten ausf\u00fchrlich zu\ninformieren. <\/p>\n\n\n\n<p>Unser Tag der offenen T\u00fcr soll einen detaillierten und lebendigen Einblick in den Unterrichtsalltag des Goerdelers erm\u00f6glichen. Durch den Besuch der Klassen-, Fach-, und Sammlungsr\u00e4ume an einem regul\u00e4ren Unterrichtsvormittag k\u00f6nnen die G\u00e4ste die Schule \u201elive\u201c erleben. Ein besonders anschaulicher Eindruck von der fachlichen und p\u00e4dagogischen Arbeit kann durch die Teilnahme am Unterricht der Klassen 5 und 6 gewonnen werden. Ganz individuell kann die Schule zudem mit der F\u00fchrung durch Sch\u00fclerscouts erkundet werden.<\/p>\n\n\n\n<p>In einer <strong>zentralen Informationsveranstaltung, <\/strong>die um<strong> 9.30 Uhr <\/strong>und um<strong> 11.00 Uhr<\/strong> angeboten wird, erl\u00e4utert Schulleiterin Helga Lazar in der Aula das p\u00e4dagogische Profil und besondere Angebote unserer Schule, die in diesem Schuljahr zum neunj\u00e4hrigen Bildungsgang (\u201e<strong>G9<\/strong>\u201c) zur\u00fcckgekehrt ist. <br> <br>Dar\u00fcber hinaus wird die Schullaufbahn am Goerdeler-Gymnasium mit seinem F\u00e4cherangebot, den Ma\u00dfnahmen im Rahmen der Individuellen F\u00f6rderung und der p\u00e4dagogischen \u00dcbermittagsbetreuung erl\u00e4utert. Im Fokus stehen auch zahlreichen Angebote, die seit vielen Jahren im Bereich der Mathematik, Informatik und Naturwissenschaften bestehen und zu einer erfolgreichen Zertifizierung des Goerdelers mit dem Siegel \u201cMINT-freundliche Schule\u201c sowie der Anwartschaft als \u201eMINT-EC Schule\u201c f\u00fchrten. <br> Parallel zur ersten Pr\u00e4sentation der Schulleiterin k\u00f6nnen die Viertkl\u00e4ssler ihre ganz eigenen Eindr\u00fccke sammeln und an den beliebten <strong>\u201eSchnupperstunden\u201c<\/strong>, Mitmachexperimenten oder an sportlichen Angeboten teilnehmen.<br> <br>Ab 10.15 Uhr werden die beiden <strong>Profilklassen der Erprobungsstufe<\/strong> vorgestellt. Zun\u00e4chst wird das Projekt der \u201eBl\u00e4serklasse\u201c vorgestellt, in dem die Sch\u00fcler ein geliehenes Blasinstrument im Musikinstrument erlernen. Um 10.30 Uhr treten die kleinen Forscher und Forscherinnen der naturwissenschaftlichen Klasse auf, um die Arbeit und Zielsetzung der zus\u00e4tzlichen MINT-Profilstunde zu veranschaulichen.<br> <br>Neben den Vortr\u00e4gen gibt es zahlreiche <strong>Informationsw\u00e4nde und Beratungsangebote<\/strong>. Die Kernf\u00e4cher Deutsch, Englisch und Mathematik stellen ihre Anforderungsprofile vor. Fachlehrkr\u00e4fte sowie Elternvertreter stehen zum Gespr\u00e4ch bereit und informieren \u00fcber die Gestaltung des \u00dcbergangs von der Grundschule zum Gymnasium, Aspekte der individuellen F\u00f6rderung, das Projekt \u201eSoziales Lernen\u201c und das Fahrtenprogramm der Schule. Die \u00dcbermittags- und Hausaufgabenbetreuung durch unseren Kooperationspartner AWO Soziale Dienste sowie die vielf\u00e4ltigen AG-Angeboten werden ebenfalls pr\u00e4sentiert. <br> <br>Wer als Zehntkl\u00e4ssler vor dem Wechsel in die Einf\u00fchrungsphase steht, ist eingeladen sich durch Beratungslehrerinnen des Oberstufenteams informieren zu lassen. In einer zentralen Veranstaltung um 10.30 Uhr in Raum C 2.27 werden die allgemeine <strong>Voraussetzungen und Anforderungen der gymnasialen Oberstufe <\/strong>durch die Oberstufenkoordinatorin sowie durch Sch\u00fclerinnen und Sch\u00fcler der Oberstufe vorgestellt.<\/p>\n\n\n\n<ul class=\"wp-block-list\"><li><a href=\"https:\/\/bid.lspb.de\/explorer\/ViewDocument\/1320065\/\">Flyer f\u00fcr zuk\u00fcnftige F\u00fcnftkl\u00e4ssler<\/a><\/li><li><a href=\"https:\/\/bid.lspb.de\/explorer\/ViewDocument\/1320057\/\">Flyer f\u00fcr zuk\u00fcnftige Oberstufensch\u00fcler<\/a><\/li><li><a href=\"https:\/\/bid.lspb.de\/explorer\/ViewDocument\/1379886\/\">Flyer zum MINT-Profil der Schule<\/a><\/li><li><a href=\"https:\/\/bid.lspb.de\/explorer\/ViewDocument\/1375583\/\">Flyer zur Bl\u00e4serKlasse<\/a><\/li><li><a href=\"https:\/\/bid.lspb.de\/explorer\/ViewDocument\/1375579\/\">Flyer zur Naturwissenschaftlichen Klasse (NaWi-Klasse)<\/a><\/li><li><a href=\"https:\/\/bid.lspb.de\/explorer\/ViewDocument\/1320061\/\">Flyer zum ECDL-Angebot (Europ\u00e4ischer Computerf\u00fchrerschein)<\/a><\/li><li><a href=\"https:\/\/bid.lspb.de\/explorer\/ViewDocument\/1375581\/\">Flyer zur P\u00e4dagogischen \u00dcbermittagsbetreuung<\/a><\/li><\/ul>\n\n\n\n<p class=\"has-text-align-center\">Unsere Sch\u00fcler und Elternvertreter<br>sowie das Kollegium und die Schulleitung<br>freuen sich auf alle Besucher!<\/p>\n","protected":false},"excerpt":{"rendered":"<p>Das Goerdeler-Gymnasium l\u00e4dt am Samstag, dem 07. Dezember von 8.30 Uhr bis 12.30 Uhr herzlich ein zum Tag der offenen T\u00fcr. Viertkl\u00e4ssler und ihre Eltern sowie k\u00fcnftige Sch\u00fcler der Einf\u00fchrungsphase sind herzlich eingeladen die Schule zu erkunden und sich bei Vortr\u00e4gen, Beratungsangeboten und Mitmach-Aktivit\u00e4ten ausf\u00fchrlich zu informieren. Unser Tag der offenen T\u00fcr soll einen detaillierten [&hellip;]<\/p>\n","protected":false},"author":11,"featured_media":9432,"comment_status":"closed","ping_status":"closed","sticky":false,"template":"","format":"standard","meta":{"_themeisle_gutenberg_block_has_review":false,"footnotes":""},"categories":[140,1],"tags":[],"class_list":["post-9429","post","type-post","status-publish","format-standard","has-post-thumbnail","hentry","category-aktuelles","category-allgemein"],"_links":{"self":[{"href":"https:\/\/goerdeler.lspb.de\/wordpress\/wp-json\/wp\/v2\/posts\/9429","targetHints":{"allow":["GET"]}}],"collection":[{"href":"https:\/\/goerdeler.lspb.de\/wordpress\/wp-json\/wp\/v2\/posts"}],"about":[{"href":"https:\/\/goerdeler.lspb.de\/wordpress\/wp-json\/wp\/v2\/types\/post"}],"author":[{"embeddable":true,"href":"https:\/\/goerdeler.lspb.de\/wordpress\/wp-json\/wp\/v2\/users\/11"}],"replies":[{"embeddable":true,"href":"https:\/\/goerdeler.lspb.de\/wordpress\/wp-json\/wp\/v2\/comments?post=9429"}],"version-history":[{"count":4,"href":"https:\/\/goerdeler.lspb.de\/wordpress\/wp-json\/wp\/v2\/posts\/9429\/revisions"}],"predecessor-version":[{"id":9631,"href":"https:\/\/goerdeler.lspb.de\/wordpress\/wp-json\/wp\/v2\/posts\/9429\/revisions\/9631"}],"wp:featuredmedia":[{"embeddable":true,"href":"https:\/\/goerdeler.lspb.de\/wordpress\/wp-json\/wp\/v2\/media\/9432"}],"wp:attachment":[{"href":"https:\/\/goerdeler.lspb.de\/wordpress\/wp-json\/wp\/v2\/media?parent=9429"}],"wp:term":[{"taxonomy":"category","embeddable":true,"href":"https:\/\/goerdeler.lspb.de\/wordpress\/wp-json\/wp\/v2\/categories?post=9429"},{"taxonomy":"post_tag","embeddable":true,"href":"https:\/\/goerdeler.lspb.de\/wordpress\/wp-json\/wp\/v2\/tags?post=9429"}],"curies":[{"name":"wp","href":"https:\/\/api.w.org\/{rel}","templated":true}]}}